{"id":42430,"date":"2022-05-02T17:30:31","date_gmt":"2022-05-02T20:30:31","guid":{"rendered":"https:\/\/www.portalalerta.com.br\/?p=42430"},"modified":"2022-05-02T17:30:32","modified_gmt":"2022-05-02T20:30:32","slug":"adolescente-morre-apos-ser-atingida-por-bala-perdida-em-araci-ba","status":"publish","type":"post","link":"https:\/\/www.portalalerta.com.br\/index.php\/2022\/05\/02\/adolescente-morre-apos-ser-atingida-por-bala-perdida-em-araci-ba\/","title":{"rendered":"Adolescente morre ap\u00f3s ser atingida por bala perdida em Araci-BA"},"content":{"rendered":"\n<p>No in\u00edcio da noite deste s\u00e1bado (30), uma adolescente de 16 anos foi atingida por uma bala perdida durante uma tentativa de homic\u00eddio em Araci-BA.<\/p>\n\n\n\n<!--more-->\n\n\n\n<p>O fato ocorreu em um bar no bairro do Riacho. De acordo com informa\u00e7\u00f5es, a v\u00edtima chegou a ser socorrida para a UPA (Unidade de Pronto Atendimento) da cidade, mas n\u00e3o resistiu aos ferimentos e evoluiu a \u00f3bito. Al\u00e9m dela, mais duas pessoas ficaram feridas pelos disparos e foram socorridas para a unidade. O estado de sa\u00fade delas \u00e9 desconhecido.<\/p>\n\n\n\n<p>O caso dever\u00e1 ser investigado pela Pol\u00edcia Civil.<\/p>\n\n\n\n<p><em>Fonte: A Voz do Campo<\/em><\/p>\n","protected":false},"excerpt":{"rendered":"<p>No in\u00edcio da noite deste s\u00e1bado (30), uma adolescente de 16 anos foi atingida por uma bala perdida durante uma tentativa de homic\u00eddio em Araci-BA.<\/p>\n","protected":false},"author":2,"featured_media":42431,"comment_status":"open","ping_status":"open","sticky":false,"template":"","format":"standard","meta":{"om_disable_all_campaigns":false,"_monsterinsights_skip_tracking":false,"_monsterinsights_sitenote_active":false,"_monsterinsights_sitenote_note":"","_monsterinsights_sitenote_category":0,"footnotes":""},"categories":[41,70,69,32,22],"tags":[1222,48,534,206,169],"class_list":["post-42430","post","type-post","status-publish","format-standard","has-post-thumbnail","hentry","category-araci","category-destaques","category-noticias2","category-regiao","category-seguranca","tag-adolescente","tag-araci","tag-bala-perdida","tag-homicidio","tag-morte"],"aioseo_notices":[],"_links":{"self":[{"href":"https:\/\/www.portalalerta.com.br\/index.php\/wp-json\/wp\/v2\/posts\/42430","targetHints":{"allow":["GET"]}}],"collection":[{"href":"https:\/\/www.portalalerta.com.br\/index.php\/wp-json\/wp\/v2\/posts"}],"about":[{"href":"https:\/\/www.portalalerta.com.br\/index.php\/wp-json\/wp\/v2\/types\/post"}],"author":[{"embeddable":true,"href":"https:\/\/www.portalalerta.com.br\/index.php\/wp-json\/wp\/v2\/users\/2"}],"replies":[{"embeddable":true,"href":"https:\/\/www.portalalerta.com.br\/index.php\/wp-json\/wp\/v2\/comments?post=42430"}],"version-history":[{"count":1,"href":"https:\/\/www.portalalerta.com.br\/index.php\/wp-json\/wp\/v2\/posts\/42430\/revisions"}],"predecessor-version":[{"id":42432,"href":"https:\/\/www.portalalerta.com.br\/index.php\/wp-json\/wp\/v2\/posts\/42430\/revisions\/42432"}],"wp:featuredmedia":[{"embeddable":true,"href":"https:\/\/www.portalalerta.com.br\/index.php\/wp-json\/wp\/v2\/media\/42431"}],"wp:attachment":[{"href":"https:\/\/www.portalalerta.com.br\/index.php\/wp-json\/wp\/v2\/media?parent=42430"}],"wp:term":[{"taxonomy":"category","embeddable":true,"href":"https:\/\/www.portalalerta.com.br\/index.php\/wp-json\/wp\/v2\/categories?post=42430"},{"taxonomy":"post_tag","embeddable":true,"href":"https:\/\/www.portalalerta.com.br\/index.php\/wp-json\/wp\/v2\/tags?post=42430"}],"curies":[{"name":"wp","href":"https:\/\/api.w.org\/{rel}","templated":true}]}}