{"id":42436,"date":"2022-05-03T06:01:00","date_gmt":"2022-05-03T09:01:00","guid":{"rendered":"https:\/\/www.portalalerta.com.br\/?p=42436"},"modified":"2022-05-02T23:59:30","modified_gmt":"2022-05-03T02:59:30","slug":"acidente-entre-van-e-carro-na-br-116-norte-deixa-um-morto-e-dez-feridos-entre-araci-e-tucano","status":"publish","type":"post","link":"https:\/\/www.portalalerta.com.br\/index.php\/2022\/05\/03\/acidente-entre-van-e-carro-na-br-116-norte-deixa-um-morto-e-dez-feridos-entre-araci-e-tucano\/","title":{"rendered":"Acidente entre van e carro na BR-116 Norte deixa um morto e dez feridos entre Araci e Tucano"},"content":{"rendered":"\n<p>Um acidente entre uma van e um carro deixou uma pessoa morta e dez feridos, na noite de domingo (1\u00ba).<\/p>\n\n\n\n<!--more-->\n\n\n\n<div class=\"wp-block-image\"><figure class=\"alignleft size-large is-resized\"><img fetchpriority=\"high\" decoding=\"async\" src=\"https:\/\/www.portalalerta.com.br\/wp-content\/uploads\/2022\/04\/Real-Calcados-dia-das-maes-2022-1-538x1024.jpeg\" alt=\"\" class=\"wp-image-42352\" width=\"343\" height=\"653\"\/><\/figure><\/div>\n\n\n\n<p>O caso ocorreu na BR-116, entre as cidades de&nbsp;Araci&nbsp;e&nbsp;Tucano, pr\u00f3ximo ao distrito de Jorrinho. De acordo com a Pol\u00edcia Militar, a van transportava pacientes que moram no munic\u00edpio de&nbsp;Abar\u00e9&nbsp;e precisam se deslocar para fazerem Tratamento Fora do Domic\u00edlio (TFD), em&nbsp;Salvador.<\/p>\n\n\n\n<p>O ve\u00edculo bateu de frente com o carro de passeio. O condutor do carro n\u00e3o resistiu ao impacto da colis\u00e3o e morreu na hora. A identidade dele n\u00e3o foi divulgada. J\u00e1 os feridos estavam todos na van e foram socorridos. Entre eles, tr\u00eas tiveram ferimentos graves. N\u00e3o h\u00e1 detalhes sobre o estado de sa\u00fade deles. J\u00e1 os outros feridos tiveram ferimentos leves e foram liberados para seguir viagem para a Salvador.<\/p>\n\n\n\n<p><em>Fonte: A Voz do Campo<\/em><\/p>\n","protected":false},"excerpt":{"rendered":"<p>Um acidente entre uma van e um carro deixou uma pessoa morta e dez feridos, na noite de domingo (1\u00ba).<\/p>\n","protected":false},"author":2,"featured_media":42437,"comment_status":"open","ping_status":"open","sticky":false,"template":"","format":"standard","meta":{"om_disable_all_campaigns":false,"_monsterinsights_skip_tracking":false,"_monsterinsights_sitenote_active":false,"_monsterinsights_sitenote_note":"","_monsterinsights_sitenote_category":0,"footnotes":""},"categories":[41,70,69,32,12],"tags":[166,48,289,393,334,190],"class_list":["post-42436","post","type-post","status-publish","format-standard","has-post-thumbnail","hentry","category-araci","category-destaques","category-noticias2","category-regiao","category-tucano","tag-acidente","tag-araci","tag-br-116","tag-feridos","tag-morto","tag-tucano"],"aioseo_notices":[],"_links":{"self":[{"href":"https:\/\/www.portalalerta.com.br\/index.php\/wp-json\/wp\/v2\/posts\/42436","targetHints":{"allow":["GET"]}}],"collection":[{"href":"https:\/\/www.portalalerta.com.br\/index.php\/wp-json\/wp\/v2\/posts"}],"about":[{"href":"https:\/\/www.portalalerta.com.br\/index.php\/wp-json\/wp\/v2\/types\/post"}],"author":[{"embeddable":true,"href":"https:\/\/www.portalalerta.com.br\/index.php\/wp-json\/wp\/v2\/users\/2"}],"replies":[{"embeddable":true,"href":"https:\/\/www.portalalerta.com.br\/index.php\/wp-json\/wp\/v2\/comments?post=42436"}],"version-history":[{"count":1,"href":"https:\/\/www.portalalerta.com.br\/index.php\/wp-json\/wp\/v2\/posts\/42436\/revisions"}],"predecessor-version":[{"id":42438,"href":"https:\/\/www.portalalerta.com.br\/index.php\/wp-json\/wp\/v2\/posts\/42436\/revisions\/42438"}],"wp:featuredmedia":[{"embeddable":true,"href":"https:\/\/www.portalalerta.com.br\/index.php\/wp-json\/wp\/v2\/media\/42437"}],"wp:attachment":[{"href":"https:\/\/www.portalalerta.com.br\/index.php\/wp-json\/wp\/v2\/media?parent=42436"}],"wp:term":[{"taxonomy":"category","embeddable":true,"href":"https:\/\/www.portalalerta.com.br\/index.php\/wp-json\/wp\/v2\/categories?post=42436"},{"taxonomy":"post_tag","embeddable":true,"href":"https:\/\/www.portalalerta.com.br\/index.php\/wp-json\/wp\/v2\/tags?post=42436"}],"curies":[{"name":"wp","href":"https:\/\/api.w.org\/{rel}","templated":true}]}}