{"id":42439,"date":"2022-05-03T06:02:00","date_gmt":"2022-05-03T09:02:00","guid":{"rendered":"https:\/\/www.portalalerta.com.br\/?p=42439"},"modified":"2022-05-03T00:09:25","modified_gmt":"2022-05-03T03:09:25","slug":"mpt-investiga-se-morte-de-criancas-coreanas-no-oeste-da-bahia-foi-acidente-de-trabalho","status":"publish","type":"post","link":"https:\/\/www.portalalerta.com.br\/index.php\/2022\/05\/03\/mpt-investiga-se-morte-de-criancas-coreanas-no-oeste-da-bahia-foi-acidente-de-trabalho\/","title":{"rendered":"MPT investiga se morte de crian\u00e7as coreanas no oeste da Bahia foi acidente de trabalho"},"content":{"rendered":"\n<p>Segundo a prefeitura de Formosa do Rio Preto, duas v\u00edtimas tinham 11 anos, outras duas tinham 7 e a mais nova, tinha 6<\/p>\n\n\n\n<!--more-->\n\n\n\n<p>O Minist\u00e9rio P\u00fablico do Trabalho (MPT) abriu inqu\u00e9rito para apurar as circunst\u00e2ncias da morte de cinco crian\u00e7as coreanas em uma vala aberta para uma obra no munic\u00edpio baiano de Formosa do Rio Preto, no oeste da Bahia. O objetivo do \u00f3rg\u00e3o \u00e9 verificar as responsabilidades trabalhistas na trag\u00e9dia.&nbsp;<\/p>\n\n\n\n<p>O caso ocorreu por volta das 12h, na \u00faltima sexta-feira (29), na fazenda Para\u00edso, conhecida como &#8220;Vila dos Coreanos&#8221;, comunidade formada por imigrantes, da qual faziam parte as crian\u00e7as, no povoado de S\u00e3o Marcelo, a 40 quil\u00f4metros do centro da cidade.&nbsp;<\/p>\n\n\n\n<div class=\"wp-block-image\"><figure class=\"aligncenter size-full\"><img fetchpriority=\"high\" decoding=\"async\" width=\"720\" height=\"181\" src=\"https:\/\/www.portalalerta.com.br\/wp-content\/uploads\/2018\/02\/Auto-Escola-Nobre.jpg\" alt=\"\" class=\"wp-image-4869\" srcset=\"https:\/\/www.portalalerta.com.br\/wp-content\/uploads\/2018\/02\/Auto-Escola-Nobre.jpg 720w, https:\/\/www.portalalerta.com.br\/wp-content\/uploads\/2018\/02\/Auto-Escola-Nobre-260x65.jpg 260w, https:\/\/www.portalalerta.com.br\/wp-content\/uploads\/2018\/02\/Auto-Escola-Nobre-50x13.jpg 50w, https:\/\/www.portalalerta.com.br\/wp-content\/uploads\/2018\/02\/Auto-Escola-Nobre-150x38.jpg 150w\" sizes=\"(max-width: 720px) 100vw, 720px\" \/><\/figure><\/div>\n\n\n\n<p>O MPT vai solicitar informa\u00e7\u00f5es do Servi\u00e7o de Atendimento M\u00f3vel de Urg\u00eancia (Samu), da Pol\u00edcia Civil e do Departamento de Pol\u00edcia T\u00e9cnica (DPT), que foram acionados e estiveram no local foram para o local. Al\u00e9m disso, poder\u00e3o ser emitidos of\u00edcios solicitando per\u00edcia t\u00e9cnica dos auditores-fiscais do trabalho lotados na regi\u00e3o.<\/p>\n\n\n\n<p>Segundo a prefeitura do munic\u00edpio, duas v\u00edtimas tinham 11 anos, outras duas tinham 7 e a mais nova, tinha 6. Elas brincavam quando foram atingidas pela terra.<\/p>\n\n\n\n<p><em>Fonte: Metro1<\/em><\/p>\n","protected":false},"excerpt":{"rendered":"<p>Segundo a prefeitura de Formosa do Rio Preto, duas v\u00edtimas tinham 11 anos, outras duas tinham 7 e a mais nova, tinha 6<\/p>\n","protected":false},"author":2,"featured_media":42441,"comment_status":"open","ping_status":"open","sticky":false,"template":"","format":"standard","meta":{"om_disable_all_campaigns":false,"_monsterinsights_skip_tracking":false,"_monsterinsights_sitenote_active":false,"_monsterinsights_sitenote_note":"","_monsterinsights_sitenote_category":0,"footnotes":""},"categories":[33,70,69],"tags":[166,54,1198,3085,884],"class_list":["post-42439","post","type-post","status-publish","format-standard","has-post-thumbnail","hentry","category-bahia","category-destaques","category-noticias2","tag-acidente","tag-bahia","tag-criancas","tag-formosa-do-rio-preto","tag-mpt"],"aioseo_notices":[],"_links":{"self":[{"href":"https:\/\/www.portalalerta.com.br\/index.php\/wp-json\/wp\/v2\/posts\/42439","targetHints":{"allow":["GET"]}}],"collection":[{"href":"https:\/\/www.portalalerta.com.br\/index.php\/wp-json\/wp\/v2\/posts"}],"about":[{"href":"https:\/\/www.portalalerta.com.br\/index.php\/wp-json\/wp\/v2\/types\/post"}],"author":[{"embeddable":true,"href":"https:\/\/www.portalalerta.com.br\/index.php\/wp-json\/wp\/v2\/users\/2"}],"replies":[{"embeddable":true,"href":"https:\/\/www.portalalerta.com.br\/index.php\/wp-json\/wp\/v2\/comments?post=42439"}],"version-history":[{"count":1,"href":"https:\/\/www.portalalerta.com.br\/index.php\/wp-json\/wp\/v2\/posts\/42439\/revisions"}],"predecessor-version":[{"id":42442,"href":"https:\/\/www.portalalerta.com.br\/index.php\/wp-json\/wp\/v2\/posts\/42439\/revisions\/42442"}],"wp:featuredmedia":[{"embeddable":true,"href":"https:\/\/www.portalalerta.com.br\/index.php\/wp-json\/wp\/v2\/media\/42441"}],"wp:attachment":[{"href":"https:\/\/www.portalalerta.com.br\/index.php\/wp-json\/wp\/v2\/media?parent=42439"}],"wp:term":[{"taxonomy":"category","embeddable":true,"href":"https:\/\/www.portalalerta.com.br\/index.php\/wp-json\/wp\/v2\/categories?post=42439"},{"taxonomy":"post_tag","embeddable":true,"href":"https:\/\/www.portalalerta.com.br\/index.php\/wp-json\/wp\/v2\/tags?post=42439"}],"curies":[{"name":"wp","href":"https:\/\/api.w.org\/{rel}","templated":true}]}}