{"id":4244,"date":"2018-01-28T17:42:21","date_gmt":"2018-01-28T19:42:21","guid":{"rendered":"http:\/\/www.portalalerta.com.br\/?p=4244"},"modified":"2018-01-28T17:42:21","modified_gmt":"2018-01-28T19:42:21","slug":"festa-de-aniversario-acaba-com-27-pessoas-levadas-para-a-delegacia-em-ribeira-do-pombal","status":"publish","type":"post","link":"https:\/\/www.portalalerta.com.br\/index.php\/2018\/01\/28\/festa-de-aniversario-acaba-com-27-pessoas-levadas-para-a-delegacia-em-ribeira-do-pombal\/","title":{"rendered":"Festa de anivers\u00e1rio acaba com 27 pessoas levadas para a Delegacia em Ribeira do Pombal"},"content":{"rendered":"<p style=\"text-align: justify;\">Na noite do \u00faltimo s\u00e1bado (27\/01), por volta das 20h40, a CIPE\/Nordeste (Companhia Independente de Policiamento Especializado), juntamente com duas guarni\u00e7\u00f5es da 21\u00aa CIPM\/Cip\u00f3, durante a Opera\u00e7\u00e3o Intensifica\u00e7\u00e3o, realizaram abordagens durante uma festa particular na fazenda Pedrinhas, zona rural de Ribeira do Pombal\/BA.<!--more--><\/p>\n<p style=\"text-align: justify;\"><img fetchpriority=\"high\" decoding=\"async\" class=\"size-full wp-image-2881 alignleft\" src=\"http:\/\/www.portalalerta.com.br\/wp-content\/uploads\/2017\/11\/elab-1.jpg\" alt=\"\" width=\"310\" height=\"200\" \/>De acordo com informa\u00e7\u00f5es, o policiamento foi acionado ap\u00f3s den\u00fancia an\u00f4nima que estaria sendo realizada mais uma \u2018Festa do P\u00f3\u2019 na cidade. Assim que chegaram ao local, os militares encontraram uma pistola, marca Taurus, calibre .380, com numera\u00e7\u00e3o adulterada, contendo oito cartuchos intactos, na posse de Jos\u00e9 Marcos Silva Cintra, conhecido como Marquinhos do Pombalzinho, al\u00e9m de um rev\u00f3lver da mesma marca, calibre 38, contendo seis muni\u00e7\u00f5es, com Alexsandro Castro dos Santos, conhecido como Sandro.<\/p>\n<p style=\"text-align: justify;\">Dentro da resid\u00eancia onde estava sendo realizada a festa, os policiais tamb\u00e9m localizaram um saquinho contendo uma subst\u00e2ncia similar \u00e0 coca\u00edna.<\/p>\n<p style=\"text-align: justify;\">Diante dos fatos, as 27 pessoas que participavam do evento, sendo quatro menores de idade, foram levadas para a Delegacia de Pol\u00edcia Civil da cidade, juntamente com o material encontrado. Marquinhos e Sandro devem responder pelo crime de porte ilegal de arma de fogo, enquanto os demais que n\u00e3o tiveram suas respectivas identidades reveladas, foram liberadas logo em seguida.<\/p>\n<figure id=\"attachment_4245\" aria-describedby=\"caption-attachment-4245\" style=\"width: 450px\" class=\"wp-caption aligncenter\"><img decoding=\"async\" class=\"size-full wp-image-4245\" src=\"http:\/\/www.portalalerta.com.br\/wp-content\/uploads\/2018\/01\/porte-de-arma-em-pombal-2018.8.jpg\" alt=\"\" width=\"450\" height=\"350\" srcset=\"https:\/\/www.portalalerta.com.br\/wp-content\/uploads\/2018\/01\/porte-de-arma-em-pombal-2018.8.jpg 450w, https:\/\/www.portalalerta.com.br\/wp-content\/uploads\/2018\/01\/porte-de-arma-em-pombal-2018.8-309x240.jpg 309w, https:\/\/www.portalalerta.com.br\/wp-content\/uploads\/2018\/01\/porte-de-arma-em-pombal-2018.8-188x146.jpg 188w, https:\/\/www.portalalerta.com.br\/wp-content\/uploads\/2018\/01\/porte-de-arma-em-pombal-2018.8-50x39.jpg 50w, https:\/\/www.portalalerta.com.br\/wp-content\/uploads\/2018\/01\/porte-de-arma-em-pombal-2018.8-96x75.jpg 96w\" sizes=\"(max-width: 450px) 100vw, 450px\" \/><figcaption id=\"caption-attachment-4245\" class=\"wp-caption-text\">Marquinhos Ureia (Esquerda), e Sandro (Direita), foram presos por porte Ilegal de Arma de fogo, em Ribeira do Pombal<\/figcaption><\/figure>\n<p style=\"text-align: justify;\">Vale ressaltar, que tanto Marquinhos quanto Sandro tiveram seus nomes envolvidos na Opera\u00e7\u00e3o Bahia Integrada, desencadeada em Ribeira do Pombal e regi\u00e3o, no dia 07 de dezembro de 2017. <a href=\"http:\/\/www.pombalalerta.com.br\/index2.php\/noticias\/pombal-alerta\/ribeira-do-pombal\/item\/5116-bahia-integrada-oito-presos-e-r$-18-milh%C3%A3o-apreendidos-durante-opera%C3%A7%C3%A3o-conjunta-em-ribeira-do-pombal.html\"><strong>Relembre<\/strong><\/a><\/p>\n<p style=\"text-align: justify;\"><em>Fonte: R\u00e1dio Povo <\/em><\/p>\n<p style=\"text-align: justify;\">\n","protected":false},"excerpt":{"rendered":"<p>Na noite do \u00faltimo s\u00e1bado (27\/01), por volta das 20h40, a CIPE\/Nordeste (Companhia Independente de Policiamento Especializado), juntamente com duas guarni\u00e7\u00f5es da 21\u00aa CIPM\/Cip\u00f3, durante a Opera\u00e7\u00e3o Intensifica\u00e7\u00e3o, realizaram abordagens durante uma festa particular na fazenda Pedrinhas, zona rural de Ribeira do Pombal\/BA.<\/p>\n","protected":false},"author":2,"featured_media":4246,"comment_status":"closed","ping_status":"open","sticky":false,"template":"","format":"standard","meta":{"om_disable_all_campaigns":false,"_monsterinsights_skip_tracking":false,"_monsterinsights_sitenote_active":false,"_monsterinsights_sitenote_note":"","_monsterinsights_sitenote_category":0,"footnotes":""},"categories":[70,69,32,3,22],"tags":[127,167,245,79,83,110,47],"class_list":["post-4244","post","type-post","status-publish","format-standard","has-post-thumbnail","hentry","category-destaques","category-noticias2","category-regiao","category-ribeira-do-pombal","category-seguranca","tag-2o-pelotao","tag-cipe-nordeste","tag-peto","tag-policia-militar","tag-porte-ilegal-de-arma-de-fogo","tag-presos","tag-ribeira-do-pombal"],"aioseo_notices":[],"_links":{"self":[{"href":"https:\/\/www.portalalerta.com.br\/index.php\/wp-json\/wp\/v2\/posts\/4244","targetHints":{"allow":["GET"]}}],"collection":[{"href":"https:\/\/www.portalalerta.com.br\/index.php\/wp-json\/wp\/v2\/posts"}],"about":[{"href":"https:\/\/www.portalalerta.com.br\/index.php\/wp-json\/wp\/v2\/types\/post"}],"author":[{"embeddable":true,"href":"https:\/\/www.portalalerta.com.br\/index.php\/wp-json\/wp\/v2\/users\/2"}],"replies":[{"embeddable":true,"href":"https:\/\/www.portalalerta.com.br\/index.php\/wp-json\/wp\/v2\/comments?post=4244"}],"version-history":[{"count":0,"href":"https:\/\/www.portalalerta.com.br\/index.php\/wp-json\/wp\/v2\/posts\/4244\/revisions"}],"wp:featuredmedia":[{"embeddable":true,"href":"https:\/\/www.portalalerta.com.br\/index.php\/wp-json\/wp\/v2\/media\/4246"}],"wp:attachment":[{"href":"https:\/\/www.portalalerta.com.br\/index.php\/wp-json\/wp\/v2\/media?parent=4244"}],"wp:term":[{"taxonomy":"category","embeddable":true,"href":"https:\/\/www.portalalerta.com.br\/index.php\/wp-json\/wp\/v2\/categories?post=4244"},{"taxonomy":"post_tag","embeddable":true,"href":"https:\/\/www.portalalerta.com.br\/index.php\/wp-json\/wp\/v2\/tags?post=4244"}],"curies":[{"name":"wp","href":"https:\/\/api.w.org\/{rel}","templated":true}]}}