{"id":42443,"date":"2022-05-03T06:03:00","date_gmt":"2022-05-03T09:03:00","guid":{"rendered":"https:\/\/www.portalalerta.com.br\/?p=42443"},"modified":"2022-05-03T00:48:13","modified_gmt":"2022-05-03T03:48:13","slug":"indigena-e-preso-acusado-de-cometer-estupro-de-vulneravel-em-banzae-ba","status":"publish","type":"post","link":"https:\/\/www.portalalerta.com.br\/index.php\/2022\/05\/03\/indigena-e-preso-acusado-de-cometer-estupro-de-vulneravel-em-banzae-ba\/","title":{"rendered":"Ind\u00edgena \u00e9 preso acusado de cometer estupro de vulner\u00e1vel em Banza\u00ea-BA"},"content":{"rendered":"\n<p>Um homem foi preso no final da tarde da \u00faltima sexta-feira (29), em cumprimento a um mandado de pris\u00e3o expedido pela Comarca de Ribeira do Pombal-BA, sob a acusa\u00e7\u00e3o da pr\u00e1tica de estupro de vulner\u00e1vel.<\/p>\n\n\n\n<!--more-->\n\n\n\n<p>A a\u00e7\u00e3o foi realizada de forma conjunta entre policiais civis e militares na Aldeia Cajazeiras, no munic\u00edpio de Banza\u00ea-BA, local onde o autor foi encontrado e preso.<\/p>\n\n\n\n<p>Na sequ\u00eancia, o ind\u00edgena foi conduzido para a Delegacia de Pol\u00edcia Civil de Ribeira do Pombal-BA, onde se encontra \u00e0 disposi\u00e7\u00e3o da justi\u00e7a.<\/p>\n\n\n\n<p><em>Reda\u00e7\u00e3o: Portal Alerta<\/em><\/p>\n","protected":false},"excerpt":{"rendered":"<p>Um homem foi preso no final da tarde da \u00faltima sexta-feira (29), em cumprimento a um mandado de pris\u00e3o expedido pela Comarca de Ribeira do Pombal-BA, sob a acusa\u00e7\u00e3o da pr\u00e1tica de estupro de vulner\u00e1vel.<\/p>\n","protected":false},"author":2,"featured_media":75,"comment_status":"open","ping_status":"open","sticky":false,"template":"","format":"standard","meta":{"om_disable_all_campaigns":false,"_monsterinsights_skip_tracking":false,"_monsterinsights_sitenote_active":false,"_monsterinsights_sitenote_note":"","_monsterinsights_sitenote_category":0,"footnotes":""},"categories":[39,70,69,32,22],"tags":[565,49,438,488,122,79,77],"class_list":["post-42443","post","type-post","status-publish","format-standard","has-post-thumbnail","hentry","category-banzae","category-destaques","category-noticias2","category-regiao","category-seguranca","tag-acao-conjunta","tag-banzae","tag-estupro-de-vulneravel","tag-mandado-de-prisao","tag-policia-civil","tag-policia-militar","tag-preso"],"aioseo_notices":[],"_links":{"self":[{"href":"https:\/\/www.portalalerta.com.br\/index.php\/wp-json\/wp\/v2\/posts\/42443","targetHints":{"allow":["GET"]}}],"collection":[{"href":"https:\/\/www.portalalerta.com.br\/index.php\/wp-json\/wp\/v2\/posts"}],"about":[{"href":"https:\/\/www.portalalerta.com.br\/index.php\/wp-json\/wp\/v2\/types\/post"}],"author":[{"embeddable":true,"href":"https:\/\/www.portalalerta.com.br\/index.php\/wp-json\/wp\/v2\/users\/2"}],"replies":[{"embeddable":true,"href":"https:\/\/www.portalalerta.com.br\/index.php\/wp-json\/wp\/v2\/comments?post=42443"}],"version-history":[{"count":1,"href":"https:\/\/www.portalalerta.com.br\/index.php\/wp-json\/wp\/v2\/posts\/42443\/revisions"}],"predecessor-version":[{"id":42444,"href":"https:\/\/www.portalalerta.com.br\/index.php\/wp-json\/wp\/v2\/posts\/42443\/revisions\/42444"}],"wp:featuredmedia":[{"embeddable":true,"href":"https:\/\/www.portalalerta.com.br\/index.php\/wp-json\/wp\/v2\/media\/75"}],"wp:attachment":[{"href":"https:\/\/www.portalalerta.com.br\/index.php\/wp-json\/wp\/v2\/media?parent=42443"}],"wp:term":[{"taxonomy":"category","embeddable":true,"href":"https:\/\/www.portalalerta.com.br\/index.php\/wp-json\/wp\/v2\/categories?post=42443"},{"taxonomy":"post_tag","embeddable":true,"href":"https:\/\/www.portalalerta.com.br\/index.php\/wp-json\/wp\/v2\/tags?post=42443"}],"curies":[{"name":"wp","href":"https:\/\/api.w.org\/{rel}","templated":true}]}}