{"id":4248,"date":"2018-01-28T18:39:23","date_gmt":"2018-01-28T20:39:23","guid":{"rendered":"http:\/\/www.portalalerta.com.br\/?p=4248"},"modified":"2018-01-28T18:39:23","modified_gmt":"2018-01-28T20:39:23","slug":"goleiro-do-vitoria-morre-em-acidente-de-carro","status":"publish","type":"post","link":"https:\/\/www.portalalerta.com.br\/index.php\/2018\/01\/28\/goleiro-do-vitoria-morre-em-acidente-de-carro\/","title":{"rendered":"Goleiro do Vit\u00f3ria, morre em acidente de carro"},"content":{"rendered":"<p style=\"text-align: justify;\">O goleiro Wallace, do Vit\u00f3ria, faleceu na tarde deste s\u00e1bado (27) ap\u00f3s o seu carro capotar na Rodovia dos Bandeirantes, no KM 140,\u00a0na altura de Limeira, em S\u00e3o Paulo. Ele estava emprestado pelo Le\u00e3o ao Guarani at\u00e9 o final deste ano.<!--more--><\/p>\n<p style=\"text-align: justify;\">Segundo informa\u00e7\u00f5es preliminares, Wallace estava a caminho de Ribeir\u00e3o Preto, onde visitaria familiares num dia de folga. Na \u00faltima sexta-feira, ele ficou no banco de reservas no triunfo do Bugre por 3&#215;0 sobre o \u00c1gua Santa, pelo Paulist\u00e3o.<\/p>\n<p style=\"text-align: justify;\">De acordo com a concession\u00e1ria que administra a rodovia, o acidente aconteceu por volta das 14h de S\u00e3o Paulo (13h de Salvador). O\u00a0jogador seguia em dire\u00e7\u00e3o ao interior do estado quando perdeu controle do ve\u00edculo. O carro\u00a0atravessou o canteiro da pista e foi parar no sentido capital. N\u00e3o chovia no local na hora do acidente e nenhum outro ve\u00edculo se envolveu no acidente.<\/p>\n<p style=\"text-align: justify;\">Wallace Ribeiro Barato\u00a0tinha 22 anos, era natural de Salvador e foi cria da base rubro-negra. Em dezembro\u00a0de 2017, teve o seu contrato renovado at\u00e9 o final de 2020 e em seguida emprestado para a equipe de Campinas, onde ainda n\u00e3o havia entrado em campo. Era visto pelo Le\u00e3o como atleta de muito potencial.<\/p>\n<p style=\"text-align: justify;\"><img fetchpriority=\"high\" decoding=\"async\" class=\"size-full wp-image-2873 aligncenter\" src=\"http:\/\/www.portalalerta.com.br\/wp-content\/uploads\/2017\/11\/autoescolanobre-1.jpg\" alt=\"\" width=\"600\" height=\"149\" srcset=\"https:\/\/www.portalalerta.com.br\/wp-content\/uploads\/2017\/11\/autoescolanobre-1.jpg 600w, https:\/\/www.portalalerta.com.br\/wp-content\/uploads\/2017\/11\/autoescolanobre-1-260x65.jpg 260w, https:\/\/www.portalalerta.com.br\/wp-content\/uploads\/2017\/11\/autoescolanobre-1-50x12.jpg 50w, https:\/\/www.portalalerta.com.br\/wp-content\/uploads\/2017\/11\/autoescolanobre-1-150x37.jpg 150w\" sizes=\"(max-width: 600px) 100vw, 600px\" \/>No rubro-negro, Wallace foi promovido na temporada 2015 aos profissionais\u00a0e jogou duas vezes, ambas em 2016. Foi titular no triunfo sobre o Feirense, por 2&#215;0, no Barrad\u00e3o, pelo Campeonato Baiano, e no empate em 0x0 com a Portuguesa no Canind\u00e9 pela Copa do Brasil.<\/p>\n<p style=\"text-align: justify;\">O t\u00e9cnico que lhe deu as primeiras oportunidades entre os titulares foi justamente Vagner Mancini, hoje de volta ao Le\u00e3o. No in\u00edcio desse ano, Mancini indicou o empr\u00e9stimo de Wallace ao Bugre para que ele desenvolvesse seu futebol.<\/p>\n<p style=\"text-align: justify;\">Ainda na tarde deste s\u00e1bado, o Vit\u00f3ria divulgou uma nota lamentando a trag\u00e9dia. &#8220;Toda a comunidade rubro-negra\u00a0est\u00e1 de luto. A hist\u00f3ria de um jovem foi interrompida de forma inesperada e deixar\u00e1 eternas lembran\u00e7as. Wallace tornou-se jogador profissional nos bra\u00e7os do nosso Esporte Clube Vit\u00f3ria. \u00c0 sua fam\u00edlia, os nossos mais sinceros sentimentos de pesar, colocando nesse momento toda nossa estrutura para o que se fizer necess\u00e1rio para o al\u00edvio dessa grande dor&#8221;, declarou o presidente Ricardo David na nota.<\/p>\n<p style=\"text-align: justify;\"><img decoding=\"async\" class=\"size-full wp-image-4249 aligncenter\" src=\"http:\/\/www.portalalerta.com.br\/wp-content\/uploads\/2018\/01\/acidente-com-goleiro-do-Vit\u00f3ria.1.jpg\" alt=\"\" width=\"500\" height=\"280\" srcset=\"https:\/\/www.portalalerta.com.br\/wp-content\/uploads\/2018\/01\/acidente-com-goleiro-do-Vit\u00f3ria.1.jpg 500w, https:\/\/www.portalalerta.com.br\/wp-content\/uploads\/2018\/01\/acidente-com-goleiro-do-Vit\u00f3ria.1-429x240.jpg 429w, https:\/\/www.portalalerta.com.br\/wp-content\/uploads\/2018\/01\/acidente-com-goleiro-do-Vit\u00f3ria.1-260x146.jpg 260w, https:\/\/www.portalalerta.com.br\/wp-content\/uploads\/2018\/01\/acidente-com-goleiro-do-Vit\u00f3ria.1-50x28.jpg 50w, https:\/\/www.portalalerta.com.br\/wp-content\/uploads\/2018\/01\/acidente-com-goleiro-do-Vit\u00f3ria.1-134x75.jpg 134w\" sizes=\"(max-width: 500px) 100vw, 500px\" \/>O Guarani tamb\u00e9m emitiu uma nota mostrando o seu pesar. &#8220;O Guarani Futebol Clube lamenta profundamente o ocorrido e coloca-se inteiramente \u00e0 disposi\u00e7\u00e3o dos familiares e amigos. N\u00e3o existem palavras para expressar o que estamos sentindo. Deus haver\u00e1 de trazer o conforto\u201d, afirmou o presidente Palmeron Mendes Filho.<\/p>\n<p style=\"text-align: justify;\">Em homenagem ao goleiro, foi respeitado um minuto de sil\u00eancio antes do jogo Bahia x Fluminense de Feira pelo Baian\u00e3o, neste s\u00e1bado, em Pitua\u00e7u. A homenagem tamb\u00e9m foi prestada no cl\u00e1ssico Corinthians x S\u00e3o Paulo, no Pacaembu, pelo Paulist\u00e3o.<\/p>\n<p style=\"text-align: justify;\"><em>Fonte: Carlino Souza<\/em><\/p>\n","protected":false},"excerpt":{"rendered":"<p>O goleiro Wallace, do Vit\u00f3ria, faleceu na tarde deste s\u00e1bado (27) ap\u00f3s o seu carro capotar na Rodovia dos Bandeirantes, no KM 140,\u00a0na altura de Limeira, em S\u00e3o Paulo. Ele estava emprestado pelo Le\u00e3o ao Guarani at\u00e9 o final deste ano.<\/p>\n","protected":false},"author":2,"featured_media":4250,"comment_status":"closed","ping_status":"open","sticky":false,"template":"","format":"standard","meta":{"om_disable_all_campaigns":false,"_monsterinsights_skip_tracking":false,"_monsterinsights_sitenote_active":false,"_monsterinsights_sitenote_note":"","_monsterinsights_sitenote_category":0,"footnotes":""},"categories":[33,34,70,2,69],"tags":[166,495,169,404,496],"class_list":["post-4248","post","type-post","status-publish","format-standard","has-post-thumbnail","hentry","category-bahia","category-brasil","category-destaques","category-esportes","category-noticias2","tag-acidente","tag-atleta","tag-morte","tag-sao-paulo","tag-vitoria"],"aioseo_notices":[],"_links":{"self":[{"href":"https:\/\/www.portalalerta.com.br\/index.php\/wp-json\/wp\/v2\/posts\/4248","targetHints":{"allow":["GET"]}}],"collection":[{"href":"https:\/\/www.portalalerta.com.br\/index.php\/wp-json\/wp\/v2\/posts"}],"about":[{"href":"https:\/\/www.portalalerta.com.br\/index.php\/wp-json\/wp\/v2\/types\/post"}],"author":[{"embeddable":true,"href":"https:\/\/www.portalalerta.com.br\/index.php\/wp-json\/wp\/v2\/users\/2"}],"replies":[{"embeddable":true,"href":"https:\/\/www.portalalerta.com.br\/index.php\/wp-json\/wp\/v2\/comments?post=4248"}],"version-history":[{"count":0,"href":"https:\/\/www.portalalerta.com.br\/index.php\/wp-json\/wp\/v2\/posts\/4248\/revisions"}],"wp:featuredmedia":[{"embeddable":true,"href":"https:\/\/www.portalalerta.com.br\/index.php\/wp-json\/wp\/v2\/media\/4250"}],"wp:attachment":[{"href":"https:\/\/www.portalalerta.com.br\/index.php\/wp-json\/wp\/v2\/media?parent=4248"}],"wp:term":[{"taxonomy":"category","embeddable":true,"href":"https:\/\/www.portalalerta.com.br\/index.php\/wp-json\/wp\/v2\/categories?post=4248"},{"taxonomy":"post_tag","embeddable":true,"href":"https:\/\/www.portalalerta.com.br\/index.php\/wp-json\/wp\/v2\/tags?post=4248"}],"curies":[{"name":"wp","href":"https:\/\/api.w.org\/{rel}","templated":true}]}}