{"id":4252,"date":"2018-01-28T18:51:23","date_gmt":"2018-01-28T20:51:23","guid":{"rendered":"http:\/\/www.portalalerta.com.br\/?p=4252"},"modified":"2018-01-28T19:01:49","modified_gmt":"2018-01-28T21:01:49","slug":"pedagios-da-viabahia-estao-mais-caros-desde-sabado-nas-brs-116-e-324","status":"publish","type":"post","link":"https:\/\/www.portalalerta.com.br\/index.php\/2018\/01\/28\/pedagios-da-viabahia-estao-mais-caros-desde-sabado-nas-brs-116-e-324\/","title":{"rendered":"Ped\u00e1gios da Viabahia est\u00e3o mais caros desde s\u00e1bado nas BRs 116 e 324"},"content":{"rendered":"<p style=\"text-align: justify;\">A Concession\u00e1ria Viabahia reajustou as tarifas dos ped\u00e1gios da BR-324 e 116. O reajuste foi autorizado pela Ag\u00eancia Nacional de Transportes Terrestres (ANTT) e passou a valer a partir deste s\u00e1bado (27).<!--more--><\/p>\n<p style=\"text-align: justify;\"><strong><img fetchpriority=\"high\" decoding=\"async\" class=\"size-full wp-image-2867 aligncenter\" src=\"http:\/\/www.portalalerta.com.br\/wp-content\/uploads\/2017\/11\/protege-1.jpg\" alt=\"\" width=\"600\" height=\"140\" \/>Veja na tabela a seguir os novos valores:\u00a0<\/strong><\/p>\n<p style=\"text-align: justify;\"><img decoding=\"async\" class=\"size-full wp-image-4253 aligncenter\" src=\"http:\/\/www.portalalerta.com.br\/wp-content\/uploads\/2018\/01\/reajuste-ped\u00e1gio.jpg\" alt=\"\" width=\"550\" height=\"350\" srcset=\"https:\/\/www.portalalerta.com.br\/wp-content\/uploads\/2018\/01\/reajuste-ped\u00e1gio.jpg 550w, https:\/\/www.portalalerta.com.br\/wp-content\/uploads\/2018\/01\/reajuste-ped\u00e1gio-377x240.jpg 377w, https:\/\/www.portalalerta.com.br\/wp-content\/uploads\/2018\/01\/reajuste-ped\u00e1gio-229x146.jpg 229w, https:\/\/www.portalalerta.com.br\/wp-content\/uploads\/2018\/01\/reajuste-ped\u00e1gio-50x32.jpg 50w, https:\/\/www.portalalerta.com.br\/wp-content\/uploads\/2018\/01\/reajuste-ped\u00e1gio-118x75.jpg 118w\" sizes=\"(max-width: 550px) 100vw, 550px\" \/>Segundo o diretor de Comunica\u00e7\u00e3o da Viabahia, Carlos Bonine, a autoriza\u00e7\u00e3o foi publicada no Di\u00e1rio Oficial da Uni\u00e3o.<\/p>\n<p style=\"text-align: justify;\"><em>Fonte: Portal Euclidense<\/em><\/p>\n","protected":false},"excerpt":{"rendered":"<p>A Concession\u00e1ria Viabahia reajustou as tarifas dos ped\u00e1gios da BR-324 e 116. O reajuste foi autorizado pela Ag\u00eancia Nacional de Transportes Terrestres (ANTT) e passou a valer a partir deste s\u00e1bado (27).<\/p>\n","protected":false},"author":2,"featured_media":4254,"comment_status":"closed","ping_status":"open","sticky":false,"template":"","format":"standard","meta":{"om_disable_all_campaigns":false,"_monsterinsights_skip_tracking":false,"_monsterinsights_sitenote_active":false,"_monsterinsights_sitenote_note":"","_monsterinsights_sitenote_category":0,"footnotes":""},"categories":[33,70,69],"tags":[54,289,498,497],"class_list":["post-4252","post","type-post","status-publish","format-standard","has-post-thumbnail","hentry","category-bahia","category-destaques","category-noticias2","tag-bahia","tag-br-116","tag-br-324","tag-pedagio"],"aioseo_notices":[],"_links":{"self":[{"href":"https:\/\/www.portalalerta.com.br\/index.php\/wp-json\/wp\/v2\/posts\/4252","targetHints":{"allow":["GET"]}}],"collection":[{"href":"https:\/\/www.portalalerta.com.br\/index.php\/wp-json\/wp\/v2\/posts"}],"about":[{"href":"https:\/\/www.portalalerta.com.br\/index.php\/wp-json\/wp\/v2\/types\/post"}],"author":[{"embeddable":true,"href":"https:\/\/www.portalalerta.com.br\/index.php\/wp-json\/wp\/v2\/users\/2"}],"replies":[{"embeddable":true,"href":"https:\/\/www.portalalerta.com.br\/index.php\/wp-json\/wp\/v2\/comments?post=4252"}],"version-history":[{"count":0,"href":"https:\/\/www.portalalerta.com.br\/index.php\/wp-json\/wp\/v2\/posts\/4252\/revisions"}],"wp:featuredmedia":[{"embeddable":true,"href":"https:\/\/www.portalalerta.com.br\/index.php\/wp-json\/wp\/v2\/media\/4254"}],"wp:attachment":[{"href":"https:\/\/www.portalalerta.com.br\/index.php\/wp-json\/wp\/v2\/media?parent=4252"}],"wp:term":[{"taxonomy":"category","embeddable":true,"href":"https:\/\/www.portalalerta.com.br\/index.php\/wp-json\/wp\/v2\/categories?post=4252"},{"taxonomy":"post_tag","embeddable":true,"href":"https:\/\/www.portalalerta.com.br\/index.php\/wp-json\/wp\/v2\/tags?post=4252"}],"curies":[{"name":"wp","href":"https:\/\/api.w.org\/{rel}","templated":true}]}}