{"id":42534,"date":"2022-05-09T11:32:08","date_gmt":"2022-05-09T14:32:08","guid":{"rendered":"https:\/\/www.portalalerta.com.br\/?p=42534"},"modified":"2022-05-09T01:01:00","modified_gmt":"2022-05-09T04:01:00","slug":"rui-costa-promove-mudanca-no-comando-do-presidio-de-serrinha","status":"publish","type":"post","link":"https:\/\/www.portalalerta.com.br\/index.php\/2022\/05\/09\/rui-costa-promove-mudanca-no-comando-do-presidio-de-serrinha\/","title":{"rendered":"Rui Costa promove mudan\u00e7a no comando do pres\u00eddio de Serrinha"},"content":{"rendered":"<p style=\"text-align: justify;\">O governador Rui Costa (PT) nomeou, neste s\u00e1bado (07), o capit\u00e3o da PM Maur\u00edcio Bittencourt da Silveira para a dire\u00e7\u00e3o do Pres\u00eddio de Seguran\u00e7a M\u00e1xima de Serrinha. Ele substitui Robson Manoel dos Santos.<!--more--><\/p>\n<p style=\"text-align: justify;\">Na mesma edi\u00e7\u00e3o do Di\u00e1rio Oficial do Estado, Rui tamb\u00e9m exonerou a diretora da superintend\u00eancia de Ressocializa\u00e7\u00e3o Sustent\u00e1vel, da Secretaria de Administra\u00e7\u00e3o Penitenci\u00e1ria e Ressocializa\u00e7\u00e3o, Maria Luiza Amorim Mendes.<\/p>\n<p style=\"text-align: justify;\"><em>Fonte: Cleriston Silva <\/em><\/p>\n","protected":false},"excerpt":{"rendered":"<p>O governador Rui Costa (PT) nomeou, neste s\u00e1bado (07), o capit\u00e3o da PM Maur\u00edcio Bittencourt da Silveira para a dire\u00e7\u00e3o do Pres\u00eddio de Seguran\u00e7a M\u00e1xima de Serrinha. Ele substitui Robson Manoel dos Santos.<\/p>\n","protected":false},"author":2,"featured_media":30480,"comment_status":"open","ping_status":"open","sticky":false,"template":"","format":"standard","meta":{"om_disable_all_campaigns":false,"_monsterinsights_skip_tracking":false,"_monsterinsights_sitenote_active":false,"_monsterinsights_sitenote_note":"","_monsterinsights_sitenote_category":0,"footnotes":""},"categories":[33,70,69,22],"tags":[100,71,48,54,49,75,45,46,129,107,283,44,132,230,3828,106,203,120,51,268,109,88,47,282,176,111,190],"class_list":["post-42534","post","type-post","status-publish","format-standard","has-post-thumbnail","hentry","category-bahia","category-destaques","category-noticias2","category-seguranca","tag-adustina","tag-antas","tag-araci","tag-bahia","tag-banzae","tag-cicero-dantas","tag-cipo","tag-crisopolis","tag-euclides-da-cunha","tag-fatima","tag-governador","tag-heliopolis","tag-itapicuru","tag-jeremoabo","tag-noticias","tag-nova-soure","tag-novo-triunfo","tag-olindina","tag-paripiranga","tag-presidio","tag-quijingue","tag-ribeira-do-amparo","tag-ribeira-do-pombal","tag-rui-costa","tag-serrinha","tag-sitio-do-quinto","tag-tucano"],"aioseo_notices":[],"_links":{"self":[{"href":"https:\/\/www.portalalerta.com.br\/index.php\/wp-json\/wp\/v2\/posts\/42534","targetHints":{"allow":["GET"]}}],"collection":[{"href":"https:\/\/www.portalalerta.com.br\/index.php\/wp-json\/wp\/v2\/posts"}],"about":[{"href":"https:\/\/www.portalalerta.com.br\/index.php\/wp-json\/wp\/v2\/types\/post"}],"author":[{"embeddable":true,"href":"https:\/\/www.portalalerta.com.br\/index.php\/wp-json\/wp\/v2\/users\/2"}],"replies":[{"embeddable":true,"href":"https:\/\/www.portalalerta.com.br\/index.php\/wp-json\/wp\/v2\/comments?post=42534"}],"version-history":[{"count":1,"href":"https:\/\/www.portalalerta.com.br\/index.php\/wp-json\/wp\/v2\/posts\/42534\/revisions"}],"predecessor-version":[{"id":42535,"href":"https:\/\/www.portalalerta.com.br\/index.php\/wp-json\/wp\/v2\/posts\/42534\/revisions\/42535"}],"wp:featuredmedia":[{"embeddable":true,"href":"https:\/\/www.portalalerta.com.br\/index.php\/wp-json\/wp\/v2\/media\/30480"}],"wp:attachment":[{"href":"https:\/\/www.portalalerta.com.br\/index.php\/wp-json\/wp\/v2\/media?parent=42534"}],"wp:term":[{"taxonomy":"category","embeddable":true,"href":"https:\/\/www.portalalerta.com.br\/index.php\/wp-json\/wp\/v2\/categories?post=42534"},{"taxonomy":"post_tag","embeddable":true,"href":"https:\/\/www.portalalerta.com.br\/index.php\/wp-json\/wp\/v2\/tags?post=42534"}],"curies":[{"name":"wp","href":"https:\/\/api.w.org\/{rel}","templated":true}]}}