{"id":42554,"date":"2022-05-09T19:33:38","date_gmt":"2022-05-09T22:33:38","guid":{"rendered":"https:\/\/www.portalalerta.com.br\/?p=42554"},"modified":"2022-05-09T19:33:38","modified_gmt":"2022-05-09T22:33:38","slug":"tribunal-dos-povos-vai-julgar-bolsonaro-por-crimes-contra-humanidade","status":"publish","type":"post","link":"https:\/\/www.portalalerta.com.br\/index.php\/2022\/05\/09\/tribunal-dos-povos-vai-julgar-bolsonaro-por-crimes-contra-humanidade\/","title":{"rendered":"Tribunal dos Povos vai julgar Bolsonaro por crimes contra humanidade"},"content":{"rendered":"<p style=\"text-align: justify;\">Uma eventual condena\u00e7\u00e3o \u00e9 considerada por grupos da sociedade civil, ex-ministros e juristas como uma chancela importante para colocar press\u00e3o sobre o Pal\u00e1cio do Planalto e expor Bolsonaro no mundo<!--more--><\/p>\n<p style=\"text-align: justify;\"><img fetchpriority=\"high\" decoding=\"async\" class=\"size-thumbnail wp-image-34795 alignleft\" src=\"https:\/\/www.portalalerta.com.br\/wp-content\/uploads\/2021\/04\/ELAB-300x240.jpg\" alt=\"\" width=\"300\" height=\"240\" srcset=\"https:\/\/www.portalalerta.com.br\/wp-content\/uploads\/2021\/04\/ELAB-300x240.jpg 300w, https:\/\/www.portalalerta.com.br\/wp-content\/uploads\/2021\/04\/ELAB-768x614.jpg 768w, https:\/\/www.portalalerta.com.br\/wp-content\/uploads\/2021\/04\/ELAB-183x146.jpg 183w, https:\/\/www.portalalerta.com.br\/wp-content\/uploads\/2021\/04\/ELAB-50x40.jpg 50w, https:\/\/www.portalalerta.com.br\/wp-content\/uploads\/2021\/04\/ELAB-94x75.jpg 94w, https:\/\/www.portalalerta.com.br\/wp-content\/uploads\/2021\/04\/ELAB.jpg 1000w\" sizes=\"(max-width: 300px) 100vw, 300px\" \/>O Tribunal Permanente dos Povos ir\u00e1 julgar o presidente Jair Bolsonaro por crimes contra a humanidade cometidos durante a pandemia da covid-19, por ataques contra minorias e pelas amea\u00e7as contra a democracia. O \u00f3rg\u00e3o internacional, criado nos anos 70, n\u00e3o tem o peso do Tribunal Penal Internacional e nem a capacidade de tomar a\u00e7\u00f5es contra um estado ou chefe de governo.<\/p>\n<p style=\"text-align: justify;\">Mas uma eventual condena\u00e7\u00e3o \u00e9 considerada por grupos da sociedade civil, ex-ministros e juristas como uma chancela importante para colocar press\u00e3o sobre o Pal\u00e1cio do Planalto e expor Bolsonaro no mundo.<\/p>\n<p style=\"text-align: justify;\">O Tribunal Permanente dos Povos (TPP) avaliar\u00e1 o caso brasileiro nos dias 24 e 25 de maio, a partir das cidades de Roma e de S\u00e3o Paulo. Oficialmente, a sess\u00e3o ser\u00e1 denominada de <strong><em>&#8220;Pandemia e Autoritarismo &#8211; A responsabilidade do governo Bolsonaro na viola\u00e7\u00e3o sistem\u00e1tica de direitos fundamentais de popula\u00e7\u00f5es no Brasil ao longo da Covid-19&#8221;<\/em><\/strong>.<\/p>\n<p style=\"text-align: justify;\"><em>Fonte: Metro1<\/em><\/p>\n","protected":false},"excerpt":{"rendered":"<p>Uma eventual condena\u00e7\u00e3o \u00e9 considerada por grupos da sociedade civil, ex-ministros e juristas como uma chancela importante para colocar press\u00e3o sobre o Pal\u00e1cio do Planalto e expor Bolsonaro no mundo<\/p>\n","protected":false},"author":2,"featured_media":32720,"comment_status":"open","ping_status":"open","sticky":false,"template":"","format":"standard","meta":{"om_disable_all_campaigns":false,"_monsterinsights_skip_tracking":false,"_monsterinsights_sitenote_active":false,"_monsterinsights_sitenote_note":"","_monsterinsights_sitenote_category":0,"footnotes":""},"categories":[34,35,69,21],"tags":[100,71,48,49,93,75,45,46,129,107,44,132,1395,230,339,3828,106,203,120,51,109,88,47,111,5402,190],"class_list":["post-42554","post","type-post","status-publish","format-standard","has-post-thumbnail","hentry","category-brasil","category-mundo","category-noticias2","category-politica","tag-adustina","tag-antas","tag-araci","tag-banzae","tag-brasil","tag-cicero-dantas","tag-cipo","tag-crisopolis","tag-euclides-da-cunha","tag-fatima","tag-heliopolis","tag-itapicuru","tag-jair-bolsonaro","tag-jeremoabo","tag-mundo","tag-noticias","tag-nova-soure","tag-novo-triunfo","tag-olindina","tag-paripiranga","tag-quijingue","tag-ribeira-do-amparo","tag-ribeira-do-pombal","tag-sitio-do-quinto","tag-tribunal-dos-povos","tag-tucano"],"aioseo_notices":[],"_links":{"self":[{"href":"https:\/\/www.portalalerta.com.br\/index.php\/wp-json\/wp\/v2\/posts\/42554","targetHints":{"allow":["GET"]}}],"collection":[{"href":"https:\/\/www.portalalerta.com.br\/index.php\/wp-json\/wp\/v2\/posts"}],"about":[{"href":"https:\/\/www.portalalerta.com.br\/index.php\/wp-json\/wp\/v2\/types\/post"}],"author":[{"embeddable":true,"href":"https:\/\/www.portalalerta.com.br\/index.php\/wp-json\/wp\/v2\/users\/2"}],"replies":[{"embeddable":true,"href":"https:\/\/www.portalalerta.com.br\/index.php\/wp-json\/wp\/v2\/comments?post=42554"}],"version-history":[{"count":2,"href":"https:\/\/www.portalalerta.com.br\/index.php\/wp-json\/wp\/v2\/posts\/42554\/revisions"}],"predecessor-version":[{"id":42556,"href":"https:\/\/www.portalalerta.com.br\/index.php\/wp-json\/wp\/v2\/posts\/42554\/revisions\/42556"}],"wp:featuredmedia":[{"embeddable":true,"href":"https:\/\/www.portalalerta.com.br\/index.php\/wp-json\/wp\/v2\/media\/32720"}],"wp:attachment":[{"href":"https:\/\/www.portalalerta.com.br\/index.php\/wp-json\/wp\/v2\/media?parent=42554"}],"wp:term":[{"taxonomy":"category","embeddable":true,"href":"https:\/\/www.portalalerta.com.br\/index.php\/wp-json\/wp\/v2\/categories?post=42554"},{"taxonomy":"post_tag","embeddable":true,"href":"https:\/\/www.portalalerta.com.br\/index.php\/wp-json\/wp\/v2\/tags?post=42554"}],"curies":[{"name":"wp","href":"https:\/\/api.w.org\/{rel}","templated":true}]}}