{"id":42560,"date":"2022-05-09T20:01:49","date_gmt":"2022-05-09T23:01:49","guid":{"rendered":"https:\/\/www.portalalerta.com.br\/?p=42560"},"modified":"2022-05-09T20:01:49","modified_gmt":"2022-05-09T23:01:49","slug":"apos-morte-de-tres-policiais-dois-suspeitos-sao-mortos-e-outros-dois-baleados-em-confronto","status":"publish","type":"post","link":"https:\/\/www.portalalerta.com.br\/index.php\/2022\/05\/09\/apos-morte-de-tres-policiais-dois-suspeitos-sao-mortos-e-outros-dois-baleados-em-confronto\/","title":{"rendered":"Ap\u00f3s morte de tr\u00eas policiais, dois suspeitos s\u00e3o mortos e outros dois, baleados em confronto"},"content":{"rendered":"<p style=\"text-align: justify;\">Os quatro s\u00e3o suspeitos de envolvimento na morte do soldado Alexandre Jos\u00e9 Ferreira Menezes Silva, assassinado enquanto trabalhava\u00a0na noite de s\u00e1bado (7)<!--more--><\/p>\n<p style=\"text-align: justify;\">Durante um confronto com policiais militares, dois homens morreram e outros dois foram baleados nesta segunda-feira (9), entre\u00a0os bairros de \u00c1guas Claras e Cajazeiras. De acordo com o\u00a0coronel Paulo Coutinho, comandante-geral da Pol\u00edcia Militar, os quatro s\u00e3o suspeitos de envolvimento na morte do soldado Alexandre Jos\u00e9 Ferreira Menezes Silva, assassinado enquanto trabalhava\u00a0na noite de s\u00e1bado (7).<\/p>\n<p style=\"text-align: justify;\">Os dois sobreviventes do confronto desta segunda est\u00e3o sob cust\u00f3dia, em uma unidade m\u00e9dica. N\u00e3o h\u00e1 detalhes sobre o hospital em que os suspeitos est\u00e3o, nem os estados de sa\u00fade deles.<\/p>\n<p style=\"text-align: justify;\">O comandante-geral da PM disse tamb\u00e9m que outros envolvidos no crime tamb\u00e9m est\u00e3o sendo procurados e devem ser presos ainda nesta segunda.\u00a0<strong><em>\u201cTodo o efetivo da Pol\u00edcia Militar est\u00e1 envolvido nesta opera\u00e7\u00e3o, por determina\u00e7\u00e3o nossa [Comando Geral da PM] e do governador do estado, para que a gente mostre de forma bem clara que eles atentaram contra o Estado da Bahia, e n\u00f3s n\u00e3o vamos permitir que isso aconte\u00e7a\u201d<\/em><\/strong>, disse.<\/p>\n<p style=\"text-align: justify;\">Outros dois policiais,\u00a0Shanderson Lopes Ferreira e Victor Vieira Ferreira Cruz, foram mortos na regi\u00e3o da Fazenda Grande I, enquanto voltavam do vel\u00f3rio de Alexandre. Ainda n\u00e3o h\u00e1 detalhes sobre as circunst\u00e2ncias do crime, que aconteceu no domingo (8).<\/p>\n<p style=\"text-align: justify;\">O governador Rui Costa (PT) determinou o <strong><em>&#8220;uso da for\u00e7a m\u00e1xima&#8221; para a captura dos suspeitos pelos crimes. &#8220;Desde ontem, determinei ao comando da Pol\u00edcia Militar o uso da for\u00e7a m\u00e1xima de todas as nossas especializadas, inclusive com helic\u00f3ptero, para que possamos prender os criminosos que atentaram contra a vida dos nossos policiais&#8221;<\/em><\/strong>, escreveu nas suas redes sociais, na manh\u00e3 desta segunda-feira (9).<\/p>\n<p style=\"text-align: justify;\"><em>Fonte: Metro1<\/em><\/p>\n","protected":false},"excerpt":{"rendered":"<p>Os quatro s\u00e3o suspeitos de envolvimento na morte do soldado Alexandre Jos\u00e9 Ferreira Menezes Silva, assassinado enquanto trabalhava\u00a0na noite de s\u00e1bado (7)<\/p>\n","protected":false},"author":2,"featured_media":42562,"comment_status":"open","ping_status":"open","sticky":false,"template":"","format":"standard","meta":{"om_disable_all_campaigns":false,"_monsterinsights_skip_tracking":false,"_monsterinsights_sitenote_active":false,"_monsterinsights_sitenote_note":"","_monsterinsights_sitenote_category":0,"footnotes":""},"categories":[33,69,22],"tags":[100,71,48,54,49,75,45,2047,46,129,107,44,2074,132,230,608,3828,106,203,120,51,79,838,109,88,47,330,111,190],"class_list":["post-42560","post","type-post","status-publish","format-standard","has-post-thumbnail","hentry","category-bahia","category-noticias2","category-seguranca","tag-adustina","tag-antas","tag-araci","tag-bahia","tag-banzae","tag-cicero-dantas","tag-cipo","tag-confrontos","tag-crisopolis","tag-euclides-da-cunha","tag-fatima","tag-heliopolis","tag-homicidios","tag-itapicuru","tag-jeremoabo","tag-mortos","tag-noticias","tag-nova-soure","tag-novo-triunfo","tag-olindina","tag-paripiranga","tag-policia-militar","tag-policiais","tag-quijingue","tag-ribeira-do-amparo","tag-ribeira-do-pombal","tag-salvador","tag-sitio-do-quinto","tag-tucano"],"aioseo_notices":[],"_links":{"self":[{"href":"https:\/\/www.portalalerta.com.br\/index.php\/wp-json\/wp\/v2\/posts\/42560","targetHints":{"allow":["GET"]}}],"collection":[{"href":"https:\/\/www.portalalerta.com.br\/index.php\/wp-json\/wp\/v2\/posts"}],"about":[{"href":"https:\/\/www.portalalerta.com.br\/index.php\/wp-json\/wp\/v2\/types\/post"}],"author":[{"embeddable":true,"href":"https:\/\/www.portalalerta.com.br\/index.php\/wp-json\/wp\/v2\/users\/2"}],"replies":[{"embeddable":true,"href":"https:\/\/www.portalalerta.com.br\/index.php\/wp-json\/wp\/v2\/comments?post=42560"}],"version-history":[{"count":1,"href":"https:\/\/www.portalalerta.com.br\/index.php\/wp-json\/wp\/v2\/posts\/42560\/revisions"}],"predecessor-version":[{"id":42563,"href":"https:\/\/www.portalalerta.com.br\/index.php\/wp-json\/wp\/v2\/posts\/42560\/revisions\/42563"}],"wp:featuredmedia":[{"embeddable":true,"href":"https:\/\/www.portalalerta.com.br\/index.php\/wp-json\/wp\/v2\/media\/42562"}],"wp:attachment":[{"href":"https:\/\/www.portalalerta.com.br\/index.php\/wp-json\/wp\/v2\/media?parent=42560"}],"wp:term":[{"taxonomy":"category","embeddable":true,"href":"https:\/\/www.portalalerta.com.br\/index.php\/wp-json\/wp\/v2\/categories?post=42560"},{"taxonomy":"post_tag","embeddable":true,"href":"https:\/\/www.portalalerta.com.br\/index.php\/wp-json\/wp\/v2\/tags?post=42560"}],"curies":[{"name":"wp","href":"https:\/\/api.w.org\/{rel}","templated":true}]}}