{"id":42576,"date":"2022-05-10T06:33:20","date_gmt":"2022-05-10T09:33:20","guid":{"rendered":"https:\/\/www.portalalerta.com.br\/?p=42576"},"modified":"2022-05-09T23:34:55","modified_gmt":"2022-05-10T02:34:55","slug":"divulgada-programacao-do-sao-joao-jeremoabo-ba","status":"publish","type":"post","link":"https:\/\/www.portalalerta.com.br\/index.php\/2022\/05\/10\/divulgada-programacao-do-sao-joao-jeremoabo-ba\/","title":{"rendered":"Divulgada programa\u00e7\u00e3o do S\u00e3o Jo\u00e3o Jeremoabo BA"},"content":{"rendered":"<p>Prometendo fazer o melhor S\u00e3o Jo\u00e3o de todos os tempos, a Prefeitura Municipal de Jeremoabo-BA divulgou a programa\u00e7\u00e3o do dia 23 de junho 2022, um dos dias mais movimentados da festa junina em fun\u00e7\u00e3o da Cavalgada do Casamento Matuto, evento tradicional e que re\u00fane centenas de cavaleiros e amazonas, al\u00e9m de muitos foli\u00f5es juninos que seguem atr\u00e1s do trio el\u00e9trico.<!--more--><\/p>\n<p><img fetchpriority=\"high\" decoding=\"async\" class=\"size-thumbnail wp-image-34795 alignleft\" src=\"https:\/\/www.portalalerta.com.br\/wp-content\/uploads\/2021\/04\/ELAB-300x240.jpg\" alt=\"\" width=\"300\" height=\"240\" srcset=\"https:\/\/www.portalalerta.com.br\/wp-content\/uploads\/2021\/04\/ELAB-300x240.jpg 300w, https:\/\/www.portalalerta.com.br\/wp-content\/uploads\/2021\/04\/ELAB-768x614.jpg 768w, https:\/\/www.portalalerta.com.br\/wp-content\/uploads\/2021\/04\/ELAB-183x146.jpg 183w, https:\/\/www.portalalerta.com.br\/wp-content\/uploads\/2021\/04\/ELAB-50x40.jpg 50w, https:\/\/www.portalalerta.com.br\/wp-content\/uploads\/2021\/04\/ELAB-94x75.jpg 94w, https:\/\/www.portalalerta.com.br\/wp-content\/uploads\/2021\/04\/ELAB.jpg 1000w\" sizes=\"(max-width: 300px) 100vw, 300px\" \/>As atra\u00e7\u00f5es deste dia de festa ser\u00e3o Banda Magn\u00edficos, Marcynho Sensa\u00e7\u00e3o, Kaik Gois e Forr\u00f3 Brasil. Puxando o Casamento de Matuto ter\u00e1 Geninho Batalha e Zito&amp;Zety.<\/p>\n<p>A programa\u00e7\u00e3o dos demais dias ser\u00e1 da seguinte forma:<\/p>\n<p><strong>Dia 19 \u2013 <\/strong>Alvorada festiva com: Alcymar Monteiro, Zezinho da Ema, Jonas Esticado e Geraldo Cardoso.<\/p>\n<p><strong>Dias 20 e 21 \u2013<\/strong> Atra\u00e7\u00f5es locais<\/p>\n<p><strong>Dia 22 &#8211; <\/strong>Lim\u00e3o com Mel, Samira Show, Samia Maia (ex-Magnificos) e Taty Girl.<\/p>\n<p><em>Fonte: Jeremoabo.com.br <\/em><\/p>\n","protected":false},"excerpt":{"rendered":"<p>Prometendo fazer o melhor S\u00e3o Jo\u00e3o de todos os tempos, a Prefeitura Municipal de Jeremoabo-BA divulgou a programa\u00e7\u00e3o do dia 23 de junho 2022, um dos dias mais movimentados da festa junina em fun\u00e7\u00e3o da Cavalgada do Casamento Matuto, evento tradicional e que re\u00fane centenas de cavaleiros e amazonas, al\u00e9m de muitos foli\u00f5es juninos que &hellip;<\/p>\n","protected":false},"author":2,"featured_media":42577,"comment_status":"open","ping_status":"open","sticky":false,"template":"","format":"standard","meta":{"om_disable_all_campaigns":false,"_monsterinsights_skip_tracking":false,"_monsterinsights_sitenote_active":false,"_monsterinsights_sitenote_note":"","_monsterinsights_sitenote_category":0,"footnotes":""},"categories":[70,9,36,69,32],"tags":[100,71,48,49,75,45,46,129,107,344,44,132,230,3828,106,203,120,51,109,88,47,1071,111,190],"class_list":["post-42576","post","type-post","status-publish","format-standard","has-post-thumbnail","hentry","category-destaques","category-jeremoabo","category-lazer","category-noticias2","category-regiao","tag-adustina","tag-antas","tag-araci","tag-banzae","tag-cicero-dantas","tag-cipo","tag-crisopolis","tag-euclides-da-cunha","tag-fatima","tag-festa","tag-heliopolis","tag-itapicuru","tag-jeremoabo","tag-noticias","tag-nova-soure","tag-novo-triunfo","tag-olindina","tag-paripiranga","tag-quijingue","tag-ribeira-do-amparo","tag-ribeira-do-pombal","tag-sao-joao","tag-sitio-do-quinto","tag-tucano"],"aioseo_notices":[],"_links":{"self":[{"href":"https:\/\/www.portalalerta.com.br\/index.php\/wp-json\/wp\/v2\/posts\/42576","targetHints":{"allow":["GET"]}}],"collection":[{"href":"https:\/\/www.portalalerta.com.br\/index.php\/wp-json\/wp\/v2\/posts"}],"about":[{"href":"https:\/\/www.portalalerta.com.br\/index.php\/wp-json\/wp\/v2\/types\/post"}],"author":[{"embeddable":true,"href":"https:\/\/www.portalalerta.com.br\/index.php\/wp-json\/wp\/v2\/users\/2"}],"replies":[{"embeddable":true,"href":"https:\/\/www.portalalerta.com.br\/index.php\/wp-json\/wp\/v2\/comments?post=42576"}],"version-history":[{"count":1,"href":"https:\/\/www.portalalerta.com.br\/index.php\/wp-json\/wp\/v2\/posts\/42576\/revisions"}],"predecessor-version":[{"id":42578,"href":"https:\/\/www.portalalerta.com.br\/index.php\/wp-json\/wp\/v2\/posts\/42576\/revisions\/42578"}],"wp:featuredmedia":[{"embeddable":true,"href":"https:\/\/www.portalalerta.com.br\/index.php\/wp-json\/wp\/v2\/media\/42577"}],"wp:attachment":[{"href":"https:\/\/www.portalalerta.com.br\/index.php\/wp-json\/wp\/v2\/media?parent=42576"}],"wp:term":[{"taxonomy":"category","embeddable":true,"href":"https:\/\/www.portalalerta.com.br\/index.php\/wp-json\/wp\/v2\/categories?post=42576"},{"taxonomy":"post_tag","embeddable":true,"href":"https:\/\/www.portalalerta.com.br\/index.php\/wp-json\/wp\/v2\/tags?post=42576"}],"curies":[{"name":"wp","href":"https:\/\/api.w.org\/{rel}","templated":true}]}}