{"id":4258,"date":"2018-01-28T19:17:17","date_gmt":"2018-01-28T21:17:17","guid":{"rendered":"http:\/\/www.portalalerta.com.br\/?p=4258"},"modified":"2018-01-28T19:17:17","modified_gmt":"2018-01-28T21:17:17","slug":"mae-e-filha-debocham-da-justica-apos-serem-liberadas-depois-de-prisao-por-trafico-em-paulo-afonso-ba","status":"publish","type":"post","link":"https:\/\/www.portalalerta.com.br\/index.php\/2018\/01\/28\/mae-e-filha-debocham-da-justica-apos-serem-liberadas-depois-de-prisao-por-trafico-em-paulo-afonso-ba\/","title":{"rendered":"M\u00e3e e filha debocham da justi\u00e7a, ap\u00f3s serem liberadas, depois de pris\u00e3o por tr\u00e1fico, em Paulo Afonso-BA"},"content":{"rendered":"<p style=\"text-align: justify;\">Na \u00faltima quinta-feira (25), a Pol\u00edcia Militar de Paulo Afonso-BA, em mais uma opera\u00e7\u00e3o de combate ao tr\u00e1fico de entorpecentes, conseguiu prender a jovem Gislaine e a sua m\u00e3e, Maria de F\u00e1tima na localidade de Pedra Comprida.<!--more--><\/p>\n<p style=\"text-align: justify;\"><img decoding=\"async\" class=\"size-full wp-image-2814 alignleft\" src=\"http:\/\/www.portalalerta.com.br\/wp-content\/uploads\/2017\/11\/banner9.png\" alt=\"\" width=\"270\" height=\"174\" srcset=\"https:\/\/www.portalalerta.com.br\/wp-content\/uploads\/2017\/11\/banner9.png 270w, https:\/\/www.portalalerta.com.br\/wp-content\/uploads\/2017\/11\/banner9-227x146.png 227w, https:\/\/www.portalalerta.com.br\/wp-content\/uploads\/2017\/11\/banner9-50x32.png 50w, https:\/\/www.portalalerta.com.br\/wp-content\/uploads\/2017\/11\/banner9-116x75.png 116w\" sizes=\"(max-width: 270px) 100vw, 270px\" \/>Com elas, a pol\u00edcia encontrou cerca de 12 petecas de coca\u00edna, alem de pouco mais de R$ 400 reais em esp\u00e9cie. De posse do material apreendido elas foram levadas para a Delegacia, onde foi formalizada a pris\u00e3o.<\/p>\n<p style=\"text-align: justify;\">O\u00a0que os policiais e a popula\u00e7\u00e3o da referida cidade n\u00e3o contavam \u00e9 que elas em menos de 24 horas j\u00e1 estariam em liberdade e debochando da justi\u00e7a da capital da energia.<\/p>\n<p style=\"text-align: justify;\">Em um post na rede social no Facebook, uma das detidas comentou:\u00a0<strong><em>Pois \u00e9 estamos nois de volta pq s\u00f3 sai que tem dinheiro que n\u00e3o tem s\u00f3 fica na espera kkkk e os encomodados e encomodadas que fiquem babando e na espectativa.\u201d<\/em><\/strong><\/p>\n<p style=\"text-align: justify;\">Em outro post ela comenta:<\/p>\n<p style=\"text-align: justify;\"><img fetchpriority=\"high\" decoding=\"async\" class=\"size-full wp-image-4259 aligncenter\" src=\"http:\/\/www.portalalerta.com.br\/wp-content\/uploads\/2018\/01\/m\u00e3e-e-filha-traficantes-em-Paulo-Afonso.1.jpg\" alt=\"\" width=\"500\" height=\"500\" srcset=\"https:\/\/www.portalalerta.com.br\/wp-content\/uploads\/2018\/01\/m\u00e3e-e-filha-traficantes-em-Paulo-Afonso.1.jpg 500w, https:\/\/www.portalalerta.com.br\/wp-content\/uploads\/2018\/01\/m\u00e3e-e-filha-traficantes-em-Paulo-Afonso.1-240x240.jpg 240w, https:\/\/www.portalalerta.com.br\/wp-content\/uploads\/2018\/01\/m\u00e3e-e-filha-traficantes-em-Paulo-Afonso.1-146x146.jpg 146w, https:\/\/www.portalalerta.com.br\/wp-content\/uploads\/2018\/01\/m\u00e3e-e-filha-traficantes-em-Paulo-Afonso.1-50x50.jpg 50w, https:\/\/www.portalalerta.com.br\/wp-content\/uploads\/2018\/01\/m\u00e3e-e-filha-traficantes-em-Paulo-Afonso.1-75x75.jpg 75w, https:\/\/www.portalalerta.com.br\/wp-content\/uploads\/2018\/01\/m\u00e3e-e-filha-traficantes-em-Paulo-Afonso.1-85x85.jpg 85w, https:\/\/www.portalalerta.com.br\/wp-content\/uploads\/2018\/01\/m\u00e3e-e-filha-traficantes-em-Paulo-Afonso.1-80x80.jpg 80w\" sizes=\"(max-width: 500px) 100vw, 500px\" \/><em>Fonte: Chico Sabe Tudo<\/em><\/p>\n","protected":false},"excerpt":{"rendered":"<p>Na \u00faltima quinta-feira (25), a Pol\u00edcia Militar de Paulo Afonso-BA, em mais uma opera\u00e7\u00e3o de combate ao tr\u00e1fico de entorpecentes, conseguiu prender a jovem Gislaine e a sua m\u00e3e, Maria de F\u00e1tima na localidade de Pedra Comprida.<\/p>\n","protected":false},"author":2,"featured_media":4260,"comment_status":"closed","ping_status":"open","sticky":false,"template":"","format":"standard","meta":{"om_disable_all_campaigns":false,"_monsterinsights_skip_tracking":false,"_monsterinsights_sitenote_active":false,"_monsterinsights_sitenote_note":"","_monsterinsights_sitenote_category":0,"footnotes":""},"categories":[33,70,69,22],"tags":[118,79,499,76],"class_list":["post-4258","post","type-post","status-publish","format-standard","has-post-thumbnail","hentry","category-bahia","category-destaques","category-noticias2","category-seguranca","tag-paulo-afonso","tag-policia-militar","tag-presas","tag-trafico-de-drogas"],"aioseo_notices":[],"_links":{"self":[{"href":"https:\/\/www.portalalerta.com.br\/index.php\/wp-json\/wp\/v2\/posts\/4258","targetHints":{"allow":["GET"]}}],"collection":[{"href":"https:\/\/www.portalalerta.com.br\/index.php\/wp-json\/wp\/v2\/posts"}],"about":[{"href":"https:\/\/www.portalalerta.com.br\/index.php\/wp-json\/wp\/v2\/types\/post"}],"author":[{"embeddable":true,"href":"https:\/\/www.portalalerta.com.br\/index.php\/wp-json\/wp\/v2\/users\/2"}],"replies":[{"embeddable":true,"href":"https:\/\/www.portalalerta.com.br\/index.php\/wp-json\/wp\/v2\/comments?post=4258"}],"version-history":[{"count":0,"href":"https:\/\/www.portalalerta.com.br\/index.php\/wp-json\/wp\/v2\/posts\/4258\/revisions"}],"wp:featuredmedia":[{"embeddable":true,"href":"https:\/\/www.portalalerta.com.br\/index.php\/wp-json\/wp\/v2\/media\/4260"}],"wp:attachment":[{"href":"https:\/\/www.portalalerta.com.br\/index.php\/wp-json\/wp\/v2\/media?parent=4258"}],"wp:term":[{"taxonomy":"category","embeddable":true,"href":"https:\/\/www.portalalerta.com.br\/index.php\/wp-json\/wp\/v2\/categories?post=4258"},{"taxonomy":"post_tag","embeddable":true,"href":"https:\/\/www.portalalerta.com.br\/index.php\/wp-json\/wp\/v2\/tags?post=4258"}],"curies":[{"name":"wp","href":"https:\/\/api.w.org\/{rel}","templated":true}]}}