{"id":42825,"date":"2022-05-22T21:39:00","date_gmt":"2022-05-23T00:39:00","guid":{"rendered":"https:\/\/www.portalalerta.com.br\/?p=42825"},"modified":"2022-05-22T21:39:00","modified_gmt":"2022-05-23T00:39:00","slug":"psdb-marca-reuniao-para-fazer-doria-desistir-da-pre-candidatura","status":"publish","type":"post","link":"https:\/\/www.portalalerta.com.br\/index.php\/2022\/05\/22\/psdb-marca-reuniao-para-fazer-doria-desistir-da-pre-candidatura\/","title":{"rendered":"PSDB marca reuni\u00e3o para fazer Doria desistir da pr\u00e9-candidatura"},"content":{"rendered":"<p style=\"text-align: justify;\">O pr\u00e9-candidato \u00e0 presid\u00eancia\u00a0Jo\u00e3o Doria\u00a0vai se reunir com a c\u00fapula nacional do\u00a0PSDB\u00a0nesta segunda-feira (23). A reuni\u00e3o deve ocorrer em S\u00e3o Paulo e tem como objetivo fazer com o ex-governador de S\u00e3o Paulo desista de disputar a vaga para o Pal\u00e1cio do Planalto em outubro.<!--more--><\/p>\n<p style=\"text-align: justify;\">Doria foi o candidato eleito nas\u00a0pr\u00e9vias\u00a0do PSDB ocorridas em novembro de 2021. Entretanto, ele vem sofrendo resist\u00eancias dentro do partido. \u00c0 interlocutores, o tucano tem dito que vai resistir aos pedidos de desist\u00eancia do partido. Ele defende que a decis\u00e3o do partido sobre a candidatura ocorra somente em julho, m\u00eas das conven\u00e7\u00f5es partid\u00e1rias.<\/p>\n<p style=\"text-align: justify;\">A esperan\u00e7a do pr\u00e9-candidato recai sobre o resultado de uma\u00a0pesquisa\u00a0encomendada pelo partido. O bloco partid\u00e1rio alega entretanto que ainda n\u00e3o tem os dados finais do resultado porque o levantamento n\u00e3o foi registrado na\u00a0Justi\u00e7a Eleitoral. Entretanto, segundo dirigentes nacionais do PSDB, MDB e Cidadania, a pesquisa teria mostrado um panorama mais favor\u00e1vel \u00e0 senadora Simone Tebet (MDB-MS).<\/p>\n<p style=\"text-align: justify;\">A chamada terceira via tem predile\u00e7\u00e3o por Tebet e espera que Doria aceite ser seu vice em uma poss\u00edvel chapa. O tucano, no entanto, ainda n\u00e3o deu mostras de que aceitaria.<\/p>\n<p style=\"text-align: justify;\"><strong>Reuni\u00e3o<\/strong><\/p>\n<p style=\"text-align: justify;\">Para o encontro de amanh\u00e3 (23), Doria deve apresentar os dados do \u00faltimo levantamento feito pela XP\/Ipespe, que foi divulgado na sexta-feira (20). Na pesquisa, o tucano aparece com 4% das inten\u00e7\u00f5es de voto, enquanto\u00a0Simone\u00a0pontuou 2%.<\/p>\n<p style=\"text-align: justify;\">Por outro lado, o pr\u00e9-candidato enfrenta mais rejei\u00e7\u00e3o do que a emedebista, 53% contra 37%. Como argumento, aliados defendem que Doria \u00e9 mais conhecido pelo eleitorado e que, portanto, t\u00eam mais chances de crescer nas pr\u00f3ximas pesquisas eleitorais.<\/p>\n<p style=\"text-align: justify;\">O percentual de pessoas que dizem que poderiam votar em Doria \u00e9 de 33% enquanto Simone \u00e9 op\u00e7\u00e3o para somente 14%.<\/p>\n<p style=\"text-align: justify;\"><em>Fonte: Yahoo Not\u00edcias<\/em><\/p>\n","protected":false},"excerpt":{"rendered":"<p>O pr\u00e9-candidato \u00e0 presid\u00eancia\u00a0Jo\u00e3o Doria\u00a0vai se reunir com a c\u00fapula nacional do\u00a0PSDB\u00a0nesta segunda-feira (23). A reuni\u00e3o deve ocorrer em S\u00e3o Paulo e tem como objetivo fazer com o ex-governador de S\u00e3o Paulo desista de disputar a vaga para o Pal\u00e1cio do Planalto em outubro.<\/p>\n","protected":false},"author":2,"featured_media":18630,"comment_status":"open","ping_status":"open","sticky":false,"template":"","format":"standard","meta":{"om_disable_all_campaigns":false,"_monsterinsights_skip_tracking":false,"_monsterinsights_sitenote_active":false,"_monsterinsights_sitenote_note":"","_monsterinsights_sitenote_category":0,"footnotes":""},"categories":[34,70,69,21],"tags":[100,71,48,49,93,75,45,46,3181,129,107,44,132,230,1591,3828,106,203,120,51,939,109,88,47,111,190],"class_list":["post-42825","post","type-post","status-publish","format-standard","has-post-thumbnail","hentry","category-brasil","category-destaques","category-noticias2","category-politica","tag-adustina","tag-antas","tag-araci","tag-banzae","tag-brasil","tag-cicero-dantas","tag-cipo","tag-crisopolis","tag-eleicoes-2022","tag-euclides-da-cunha","tag-fatima","tag-heliopolis","tag-itapicuru","tag-jeremoabo","tag-joao-doria","tag-noticias","tag-nova-soure","tag-novo-triunfo","tag-olindina","tag-paripiranga","tag-psdb","tag-quijingue","tag-ribeira-do-amparo","tag-ribeira-do-pombal","tag-sitio-do-quinto","tag-tucano"],"aioseo_notices":[],"_links":{"self":[{"href":"https:\/\/www.portalalerta.com.br\/index.php\/wp-json\/wp\/v2\/posts\/42825","targetHints":{"allow":["GET"]}}],"collection":[{"href":"https:\/\/www.portalalerta.com.br\/index.php\/wp-json\/wp\/v2\/posts"}],"about":[{"href":"https:\/\/www.portalalerta.com.br\/index.php\/wp-json\/wp\/v2\/types\/post"}],"author":[{"embeddable":true,"href":"https:\/\/www.portalalerta.com.br\/index.php\/wp-json\/wp\/v2\/users\/2"}],"replies":[{"embeddable":true,"href":"https:\/\/www.portalalerta.com.br\/index.php\/wp-json\/wp\/v2\/comments?post=42825"}],"version-history":[{"count":1,"href":"https:\/\/www.portalalerta.com.br\/index.php\/wp-json\/wp\/v2\/posts\/42825\/revisions"}],"predecessor-version":[{"id":42826,"href":"https:\/\/www.portalalerta.com.br\/index.php\/wp-json\/wp\/v2\/posts\/42825\/revisions\/42826"}],"wp:featuredmedia":[{"embeddable":true,"href":"https:\/\/www.portalalerta.com.br\/index.php\/wp-json\/wp\/v2\/media\/18630"}],"wp:attachment":[{"href":"https:\/\/www.portalalerta.com.br\/index.php\/wp-json\/wp\/v2\/media?parent=42825"}],"wp:term":[{"taxonomy":"category","embeddable":true,"href":"https:\/\/www.portalalerta.com.br\/index.php\/wp-json\/wp\/v2\/categories?post=42825"},{"taxonomy":"post_tag","embeddable":true,"href":"https:\/\/www.portalalerta.com.br\/index.php\/wp-json\/wp\/v2\/tags?post=42825"}],"curies":[{"name":"wp","href":"https:\/\/api.w.org\/{rel}","templated":true}]}}