{"id":42827,"date":"2022-05-22T21:51:19","date_gmt":"2022-05-23T00:51:19","guid":{"rendered":"https:\/\/www.portalalerta.com.br\/?p=42827"},"modified":"2022-05-22T21:51:19","modified_gmt":"2022-05-23T00:51:19","slug":"os-amantes-do-forro-confirmados-nas-avenidas-de-ribeira-do-pombal-ba","status":"publish","type":"post","link":"https:\/\/www.portalalerta.com.br\/index.php\/2022\/05\/22\/os-amantes-do-forro-confirmados-nas-avenidas-de-ribeira-do-pombal-ba\/","title":{"rendered":"Os Amantes do Forr\u00f3 confirmados nas Avenidas de Ribeira do Pombal-BA"},"content":{"rendered":"<p style=\"text-align: justify;\"><img fetchpriority=\"high\" decoding=\"async\" class=\"aligncenter wp-image-42829 size-full\" src=\"https:\/\/www.portalalerta.com.br\/wp-content\/uploads\/2022\/05\/Os-Amantes-do-Forro-2022.jpg\" alt=\"\" width=\"500\" height=\"625\" srcset=\"https:\/\/www.portalalerta.com.br\/wp-content\/uploads\/2022\/05\/Os-Amantes-do-Forro-2022.jpg 500w, https:\/\/www.portalalerta.com.br\/wp-content\/uploads\/2022\/05\/Os-Amantes-do-Forro-2022-192x240.jpg 192w\" sizes=\"(max-width: 500px) 100vw, 500px\" \/>Os Amantes do Forr\u00f3 v\u00e3o sair nas avenidas pela vig\u00e9sima sexta edi\u00e7\u00e3o, em Ribeira do Pombal-BA. O bloco junino mais tradicional da cidade lan\u00e7ou na \u00faltima semana um card confirmando seu desfile.<!--more--><\/p>\n<p style=\"text-align: justify;\"><img decoding=\"async\" class=\"size-thumbnail wp-image-34795 alignleft\" src=\"https:\/\/www.portalalerta.com.br\/wp-content\/uploads\/2021\/04\/ELAB-300x240.jpg\" alt=\"\" width=\"300\" height=\"240\" srcset=\"https:\/\/www.portalalerta.com.br\/wp-content\/uploads\/2021\/04\/ELAB-300x240.jpg 300w, https:\/\/www.portalalerta.com.br\/wp-content\/uploads\/2021\/04\/ELAB-768x614.jpg 768w, https:\/\/www.portalalerta.com.br\/wp-content\/uploads\/2021\/04\/ELAB-183x146.jpg 183w, https:\/\/www.portalalerta.com.br\/wp-content\/uploads\/2021\/04\/ELAB-50x40.jpg 50w, https:\/\/www.portalalerta.com.br\/wp-content\/uploads\/2021\/04\/ELAB-94x75.jpg 94w, https:\/\/www.portalalerta.com.br\/wp-content\/uploads\/2021\/04\/ELAB.jpg 1000w\" sizes=\"(max-width: 300px) 100vw, 300px\" \/>Segundo Z\u00e9 da floresta fundador da agremia\u00e7\u00e3o, <strong><em>\u201dA tradi\u00e7\u00e3o tem que continuar e contando com o apoio dos amigos n\u00f3s j\u00e1 tratamos de todos os detalhes do desfile e j\u00e1 inclusive todas as exig\u00eancias legais foram cumpridas. Vamos ter seguran\u00e7a, forr\u00f3 e muita anima\u00e7\u00e3o\u201d<\/em><\/strong><\/p>\n<p style=\"text-align: justify;\">Ser\u00e1 no dia 11 de junho com o trenzinho e v\u00e1rias atra\u00e7\u00f5es no trio el\u00e9trico. Camisas podem ser adquiridas na sede (Bar de Z\u00e9 da floresta).<\/p>\n<p style=\"text-align: justify;\">A informa\u00e7\u00e3o \u00e9 que a quantidade \u00e9 limitada. Corra e n\u00e3o fique de fora!<\/p>\n<p style=\"text-align: justify;\"><em>Fonte: Ag\u00eancia Dia a dia Nordeste<\/em><\/p>\n<p style=\"text-align: justify;\"><em>Com informa\u00e7\u00f5es: Canabrava FM \u00a0<\/em><\/p>\n","protected":false},"excerpt":{"rendered":"<p>Os Amantes do Forr\u00f3 v\u00e3o sair nas avenidas pela vig\u00e9sima sexta edi\u00e7\u00e3o, em Ribeira do Pombal-BA. O bloco junino mais tradicional da cidade lan\u00e7ou na \u00faltima semana um card confirmando seu desfile.<\/p>\n","protected":false},"author":2,"featured_media":42828,"comment_status":"open","ping_status":"open","sticky":false,"template":"","format":"standard","meta":{"om_disable_all_campaigns":false,"_monsterinsights_skip_tracking":false,"_monsterinsights_sitenote_active":false,"_monsterinsights_sitenote_note":"","_monsterinsights_sitenote_category":0,"footnotes":""},"categories":[70,36,69,32,3],"tags":[100,5377,71,48,49,75,45,46,2827,129,107,44,132,230,3828,106,203,120,51,109,88,47,1071,111,190],"class_list":["post-42827","post","type-post","status-publish","format-standard","has-post-thumbnail","hentry","category-destaques","category-lazer","category-noticias2","category-regiao","category-ribeira-do-pombal","tag-adustina","tag-amantes-do-forro","tag-antas","tag-araci","tag-banzae","tag-cicero-dantas","tag-cipo","tag-crisopolis","tag-desfile","tag-euclides-da-cunha","tag-fatima","tag-heliopolis","tag-itapicuru","tag-jeremoabo","tag-noticias","tag-nova-soure","tag-novo-triunfo","tag-olindina","tag-paripiranga","tag-quijingue","tag-ribeira-do-amparo","tag-ribeira-do-pombal","tag-sao-joao","tag-sitio-do-quinto","tag-tucano"],"aioseo_notices":[],"_links":{"self":[{"href":"https:\/\/www.portalalerta.com.br\/index.php\/wp-json\/wp\/v2\/posts\/42827","targetHints":{"allow":["GET"]}}],"collection":[{"href":"https:\/\/www.portalalerta.com.br\/index.php\/wp-json\/wp\/v2\/posts"}],"about":[{"href":"https:\/\/www.portalalerta.com.br\/index.php\/wp-json\/wp\/v2\/types\/post"}],"author":[{"embeddable":true,"href":"https:\/\/www.portalalerta.com.br\/index.php\/wp-json\/wp\/v2\/users\/2"}],"replies":[{"embeddable":true,"href":"https:\/\/www.portalalerta.com.br\/index.php\/wp-json\/wp\/v2\/comments?post=42827"}],"version-history":[{"count":1,"href":"https:\/\/www.portalalerta.com.br\/index.php\/wp-json\/wp\/v2\/posts\/42827\/revisions"}],"predecessor-version":[{"id":42830,"href":"https:\/\/www.portalalerta.com.br\/index.php\/wp-json\/wp\/v2\/posts\/42827\/revisions\/42830"}],"wp:featuredmedia":[{"embeddable":true,"href":"https:\/\/www.portalalerta.com.br\/index.php\/wp-json\/wp\/v2\/media\/42828"}],"wp:attachment":[{"href":"https:\/\/www.portalalerta.com.br\/index.php\/wp-json\/wp\/v2\/media?parent=42827"}],"wp:term":[{"taxonomy":"category","embeddable":true,"href":"https:\/\/www.portalalerta.com.br\/index.php\/wp-json\/wp\/v2\/categories?post=42827"},{"taxonomy":"post_tag","embeddable":true,"href":"https:\/\/www.portalalerta.com.br\/index.php\/wp-json\/wp\/v2\/tags?post=42827"}],"curies":[{"name":"wp","href":"https:\/\/api.w.org\/{rel}","templated":true}]}}