{"id":42831,"date":"2022-05-22T22:03:28","date_gmt":"2022-05-23T01:03:28","guid":{"rendered":"https:\/\/www.portalalerta.com.br\/?p=42831"},"modified":"2022-05-22T22:03:28","modified_gmt":"2022-05-23T01:03:28","slug":"estado-de-emergencia-por-conta-da-covid-19-no-brasil-chega-ao-fim-neste-domingo","status":"publish","type":"post","link":"https:\/\/www.portalalerta.com.br\/index.php\/2022\/05\/22\/estado-de-emergencia-por-conta-da-covid-19-no-brasil-chega-ao-fim-neste-domingo\/","title":{"rendered":"Estado de Emerg\u00eancia por conta da Covid-19 no Brasil chega ao fim neste domingo"},"content":{"rendered":"<p style=\"text-align: justify;\">Medida foi assinada pelo ministro da Sa\u00fade em abril e dava 30 dias para que estados e munic\u00edpios de adequassem<!--more--><\/p>\n<p style=\"text-align: justify;\">A portaria do governo federal que encerra o estado de Emerg\u00eancia em Sa\u00fade P\u00fablica de Import\u00e2ncia Nacional (Espin), causado pela Covid-19 no pa\u00eds, entra em vigor neste domingo (22). A decis\u00e3o foi assinada no dia 22 de abril pelo ministro da Sa\u00fade, Marcelo Queiroga, e entraria em vigor ap\u00f3s 30 dias, per\u00edodo necess\u00e1rio para que estados e munic\u00edpios se adequassem \u00e0 nova realidade.<\/p>\n<p style=\"text-align: justify;\"><img fetchpriority=\"high\" decoding=\"async\" class=\"size-thumbnail wp-image-4869 aligncenter\" src=\"https:\/\/www.portalalerta.com.br\/wp-content\/uploads\/2018\/02\/Auto-Escola-Nobre-720x181.jpg\" alt=\"\" width=\"720\" height=\"181\" srcset=\"https:\/\/www.portalalerta.com.br\/wp-content\/uploads\/2018\/02\/Auto-Escola-Nobre.jpg 720w, https:\/\/www.portalalerta.com.br\/wp-content\/uploads\/2018\/02\/Auto-Escola-Nobre-260x65.jpg 260w, https:\/\/www.portalalerta.com.br\/wp-content\/uploads\/2018\/02\/Auto-Escola-Nobre-50x13.jpg 50w, https:\/\/www.portalalerta.com.br\/wp-content\/uploads\/2018\/02\/Auto-Escola-Nobre-150x38.jpg 150w\" sizes=\"(max-width: 720px) 100vw, 720px\" \/>Como justificativa para a decis\u00e3o, o Minist\u00e9rio da Sa\u00fade utilizou a\u00a0melhora do quadro epidemiol\u00f3gico do Brasil, a elevada cobertura vacinal da popula\u00e7\u00e3o e capacidade de resposta e assist\u00eancia do Sistema \u00danico de Sa\u00fade (SUS) a casos suspeitos e confirmados. \u00c0 \u00e9poca, dados do minist\u00e9rio revelavam uma queda de mais de 80% na m\u00e9dia m\u00f3vel de casos e \u00f3bitos por Covid-19 quando comparado com o pico de casos do in\u00edcio de 2022.<\/p>\n<p style=\"text-align: justify;\">No \u00faltimo dia 12 de maio, o minist\u00e9rio pediu a prorroga\u00e7\u00e3o do prazo de validade das autoriza\u00e7\u00f5es para uso emergencial de vacinas Covid-19 que, com o fim da Espin, deixariam de ser usadas na Campanha de Vacina\u00e7\u00e3o contra a doen\u00e7a. A Ag\u00eancia Nacional de Vigil\u00e2ncia Sanit\u00e1ria (Anvisa) atendeu o pedido do minist\u00e9rio. A medida vale tamb\u00e9m para medicamentos que s\u00f3 deveriam ser usados durante a crise sanit\u00e1ria. As autoriza\u00e7\u00f5es ser\u00e3o v\u00e1lidas por mais um ano.<\/p>\n<p style=\"text-align: justify;\"><em>Fonte: Metro1<\/em><\/p>\n","protected":false},"excerpt":{"rendered":"<p>Medida foi assinada pelo ministro da Sa\u00fade em abril e dava 30 dias para que estados e munic\u00edpios de adequassem<\/p>\n","protected":false},"author":2,"featured_media":24018,"comment_status":"open","ping_status":"open","sticky":false,"template":"","format":"standard","meta":{"om_disable_all_campaigns":false,"_monsterinsights_skip_tracking":false,"_monsterinsights_sitenote_active":false,"_monsterinsights_sitenote_note":"","_monsterinsights_sitenote_category":0,"footnotes":""},"categories":[34,70,69,19],"tags":[100,71,48,49,93,75,45,4425,3486,46,2471,129,107,44,132,230,3828,106,203,120,51,109,88,47,61,111,190],"class_list":["post-42831","post","type-post","status-publish","format-standard","has-post-thumbnail","hentry","category-brasil","category-destaques","category-noticias2","category-saude","tag-adustina","tag-antas","tag-araci","tag-banzae","tag-brasil","tag-cicero-dantas","tag-cipo","tag-coronavirus-2","tag-covid-19","tag-crisopolis","tag-estado-de-emergencia","tag-euclides-da-cunha","tag-fatima","tag-heliopolis","tag-itapicuru","tag-jeremoabo","tag-noticias","tag-nova-soure","tag-novo-triunfo","tag-olindina","tag-paripiranga","tag-quijingue","tag-ribeira-do-amparo","tag-ribeira-do-pombal","tag-saude","tag-sitio-do-quinto","tag-tucano"],"aioseo_notices":[],"_links":{"self":[{"href":"https:\/\/www.portalalerta.com.br\/index.php\/wp-json\/wp\/v2\/posts\/42831","targetHints":{"allow":["GET"]}}],"collection":[{"href":"https:\/\/www.portalalerta.com.br\/index.php\/wp-json\/wp\/v2\/posts"}],"about":[{"href":"https:\/\/www.portalalerta.com.br\/index.php\/wp-json\/wp\/v2\/types\/post"}],"author":[{"embeddable":true,"href":"https:\/\/www.portalalerta.com.br\/index.php\/wp-json\/wp\/v2\/users\/2"}],"replies":[{"embeddable":true,"href":"https:\/\/www.portalalerta.com.br\/index.php\/wp-json\/wp\/v2\/comments?post=42831"}],"version-history":[{"count":1,"href":"https:\/\/www.portalalerta.com.br\/index.php\/wp-json\/wp\/v2\/posts\/42831\/revisions"}],"predecessor-version":[{"id":42832,"href":"https:\/\/www.portalalerta.com.br\/index.php\/wp-json\/wp\/v2\/posts\/42831\/revisions\/42832"}],"wp:featuredmedia":[{"embeddable":true,"href":"https:\/\/www.portalalerta.com.br\/index.php\/wp-json\/wp\/v2\/media\/24018"}],"wp:attachment":[{"href":"https:\/\/www.portalalerta.com.br\/index.php\/wp-json\/wp\/v2\/media?parent=42831"}],"wp:term":[{"taxonomy":"category","embeddable":true,"href":"https:\/\/www.portalalerta.com.br\/index.php\/wp-json\/wp\/v2\/categories?post=42831"},{"taxonomy":"post_tag","embeddable":true,"href":"https:\/\/www.portalalerta.com.br\/index.php\/wp-json\/wp\/v2\/tags?post=42831"}],"curies":[{"name":"wp","href":"https:\/\/api.w.org\/{rel}","templated":true}]}}