{"id":42924,"date":"2022-05-28T18:38:44","date_gmt":"2022-05-28T21:38:44","guid":{"rendered":"https:\/\/www.portalalerta.com.br\/?p=42924"},"modified":"2022-05-28T18:38:45","modified_gmt":"2022-05-28T21:38:45","slug":"policia-recupera-veiculo-roubado-em-adustina-ba","status":"publish","type":"post","link":"https:\/\/www.portalalerta.com.br\/index.php\/2022\/05\/28\/policia-recupera-veiculo-roubado-em-adustina-ba\/","title":{"rendered":"Pol\u00edcia recupera ve\u00edculo roubado, em Adustina-BA"},"content":{"rendered":"\n<p>Por volta das 16:20hs da \u00faltima quinta-feira (26), policiais militares do 4\u00ba Pelot\u00e3o\/ Adustina-BA, no momento em que realizavam rondas de rotina pelo centro da cidade, visualizaram uma moto estacionada sobre uma cal\u00e7ada, na Rua Ant\u00f4nio Manoel.<\/p>\n\n\n\n<!--more-->\n\n\n\n<p>Os militares resolveram consultar os dados da moto, uma Honda Bros de cor amarela, de dados n\u00e3o informados. Ao realizarem a consulta da Placa de Identifica\u00e7\u00e3o, os militares constataram se tratar de ve\u00edculo com restri\u00e7\u00e3o de furto\/ roubo.<\/p>\n\n\n\n<p>Diante do flagrante, o ve\u00edculo foi apresentado na Delegacia de Pol\u00edcia Civil para a devida devolu\u00e7\u00e3o ao seu propriet\u00e1rio. Ningu\u00e9m foi preso durante a a\u00e7\u00e3o.<\/p>\n\n\n\n<p><em>Reda\u00e7\u00e3o: Portal Alerta<\/em><\/p>\n","protected":false},"excerpt":{"rendered":"<p>Por volta das 16:20hs da \u00faltima quinta-feira (26), policiais militares do 4\u00ba Pelot\u00e3o\/ Adustina-BA, no momento em que realizavam rondas de rotina pelo centro da cidade, visualizaram uma moto estacionada sobre uma cal\u00e7ada, na Rua Ant\u00f4nio Manoel.<\/p>\n","protected":false},"author":2,"featured_media":42925,"comment_status":"open","ping_status":"open","sticky":false,"template":"","format":"standard","meta":{"om_disable_all_campaigns":false,"_monsterinsights_skip_tracking":false,"_monsterinsights_sitenote_active":false,"_monsterinsights_sitenote_note":"","_monsterinsights_sitenote_category":0,"footnotes":""},"categories":[40,70,69,32,22],"tags":[182,100,79,101,102],"class_list":["post-42924","post","type-post","status-publish","format-standard","has-post-thumbnail","hentry","category-adustina","category-destaques","category-noticias2","category-regiao","category-seguranca","tag-21a-cipm","tag-adustina","tag-policia-militar","tag-roubo-de-moto","tag-veiculo-recuperado"],"aioseo_notices":[],"_links":{"self":[{"href":"https:\/\/www.portalalerta.com.br\/index.php\/wp-json\/wp\/v2\/posts\/42924","targetHints":{"allow":["GET"]}}],"collection":[{"href":"https:\/\/www.portalalerta.com.br\/index.php\/wp-json\/wp\/v2\/posts"}],"about":[{"href":"https:\/\/www.portalalerta.com.br\/index.php\/wp-json\/wp\/v2\/types\/post"}],"author":[{"embeddable":true,"href":"https:\/\/www.portalalerta.com.br\/index.php\/wp-json\/wp\/v2\/users\/2"}],"replies":[{"embeddable":true,"href":"https:\/\/www.portalalerta.com.br\/index.php\/wp-json\/wp\/v2\/comments?post=42924"}],"version-history":[{"count":1,"href":"https:\/\/www.portalalerta.com.br\/index.php\/wp-json\/wp\/v2\/posts\/42924\/revisions"}],"predecessor-version":[{"id":42926,"href":"https:\/\/www.portalalerta.com.br\/index.php\/wp-json\/wp\/v2\/posts\/42924\/revisions\/42926"}],"wp:featuredmedia":[{"embeddable":true,"href":"https:\/\/www.portalalerta.com.br\/index.php\/wp-json\/wp\/v2\/media\/42925"}],"wp:attachment":[{"href":"https:\/\/www.portalalerta.com.br\/index.php\/wp-json\/wp\/v2\/media?parent=42924"}],"wp:term":[{"taxonomy":"category","embeddable":true,"href":"https:\/\/www.portalalerta.com.br\/index.php\/wp-json\/wp\/v2\/categories?post=42924"},{"taxonomy":"post_tag","embeddable":true,"href":"https:\/\/www.portalalerta.com.br\/index.php\/wp-json\/wp\/v2\/tags?post=42924"}],"curies":[{"name":"wp","href":"https:\/\/api.w.org\/{rel}","templated":true}]}}