{"id":42979,"date":"2022-05-31T10:17:50","date_gmt":"2022-05-31T13:17:50","guid":{"rendered":"https:\/\/www.portalalerta.com.br\/?p=42979"},"modified":"2022-05-31T10:17:52","modified_gmt":"2022-05-31T13:17:52","slug":"acusado-de-cometer-homicidio-em-adustina-ba-e-capturado-no-litoral-paulista-25-anos-apos-o-crime","status":"publish","type":"post","link":"https:\/\/www.portalalerta.com.br\/index.php\/2022\/05\/31\/acusado-de-cometer-homicidio-em-adustina-ba-e-capturado-no-litoral-paulista-25-anos-apos-o-crime\/","title":{"rendered":"Acusado de cometer homic\u00eddio em Adustina-BA \u00e9 capturado no litoral paulista, 25 anos ap\u00f3s o crime"},"content":{"rendered":"\n<p>Por volta das 15hs do \u00faltimo domingo (29), um homem identificado pelas iniciais J.O dos S.A (Orlando), 47 anos, foi preso no bairro Caguava, em Peru\u00edbe, litoral paulista.<\/p>\n\n\n\n<!--more-->\n\n\n\n<div class=\"wp-block-image\"><figure class=\"aligncenter size-full\"><img fetchpriority=\"high\" decoding=\"async\" width=\"720\" height=\"181\" src=\"https:\/\/www.portalalerta.com.br\/wp-content\/uploads\/2018\/02\/Auto-Escola-Nobre.jpg\" alt=\"\" class=\"wp-image-4869\" srcset=\"https:\/\/www.portalalerta.com.br\/wp-content\/uploads\/2018\/02\/Auto-Escola-Nobre.jpg 720w, https:\/\/www.portalalerta.com.br\/wp-content\/uploads\/2018\/02\/Auto-Escola-Nobre-260x65.jpg 260w, https:\/\/www.portalalerta.com.br\/wp-content\/uploads\/2018\/02\/Auto-Escola-Nobre-50x13.jpg 50w, https:\/\/www.portalalerta.com.br\/wp-content\/uploads\/2018\/02\/Auto-Escola-Nobre-150x38.jpg 150w\" sizes=\"(max-width: 720px) 100vw, 720px\" \/><\/figure><\/div>\n\n\n\n<p>De acordo com informa\u00e7\u00f5es, contra Orlando existia um Mandado de Pris\u00e3o em aberto, no qual \u00e9 acusado de cometer um homic\u00eddio e uma tentativa de homic\u00eddio, em Adustina-BA. Os crimes aconteceram no dia 29 de julho de 1996, nas proximidades de uma pra\u00e7a da cidade, quando Orlando em companhia de mais dois criminosos assassinaram \u00e0 facadas uma pessoa identificada pelo prenome Luy, bem como tentaram assassinar \u00e0 pedradas um homem identificado pelo prenome Davi.<br><br>Desde ent\u00e3o o autor era considerado foragido, e 25 ap\u00f3s o crime, o Servi\u00e7o de Investiga\u00e7\u00e3o da Pol\u00edcia Civil (25\u00aa COORPIN\/ Euclides da Cunha) conseguiu identificar o paradeiro do criminoso, que estava residindo em Peru\u00edbe, que foi capturado por policiais militares do 29\u00ba Batalh\u00e3o. O homicida foi apresentado na Delegacia de Pol\u00edcia Civil da cidade, onde se encontra \u00e0 disposi\u00e7\u00e3o da justi\u00e7a baiana.<\/p>\n\n\n\n<p><br><em>Reda\u00e7\u00e3o: Portal Alerta<\/em><\/p>\n","protected":false},"excerpt":{"rendered":"<p>Por volta das 15hs do \u00faltimo domingo (29), um homem identificado pelas iniciais J.O dos S.A (Orlando), 47 anos, foi preso no bairro Caguava, em Peru\u00edbe, litoral paulista.<\/p>\n","protected":false},"author":2,"featured_media":9497,"comment_status":"open","ping_status":"open","sticky":false,"template":"","format":"standard","meta":{"om_disable_all_campaigns":false,"_monsterinsights_skip_tracking":false,"_monsterinsights_sitenote_active":false,"_monsterinsights_sitenote_note":"","_monsterinsights_sitenote_category":0,"footnotes":""},"categories":[40,34,70,69,32,22],"tags":[557,100,492,258,206,488,122,79,77,105],"class_list":["post-42979","post","type-post","status-publish","format-standard","has-post-thumbnail","hentry","category-adustina","category-brasil","category-destaques","category-noticias2","category-regiao","category-seguranca","tag-25a-coorpin","tag-adustina","tag-facada","tag-homicida","tag-homicidio","tag-mandado-de-prisao","tag-policia-civil","tag-policia-militar","tag-preso","tag-tentativa-de-homicidio"],"aioseo_notices":[],"_links":{"self":[{"href":"https:\/\/www.portalalerta.com.br\/index.php\/wp-json\/wp\/v2\/posts\/42979","targetHints":{"allow":["GET"]}}],"collection":[{"href":"https:\/\/www.portalalerta.com.br\/index.php\/wp-json\/wp\/v2\/posts"}],"about":[{"href":"https:\/\/www.portalalerta.com.br\/index.php\/wp-json\/wp\/v2\/types\/post"}],"author":[{"embeddable":true,"href":"https:\/\/www.portalalerta.com.br\/index.php\/wp-json\/wp\/v2\/users\/2"}],"replies":[{"embeddable":true,"href":"https:\/\/www.portalalerta.com.br\/index.php\/wp-json\/wp\/v2\/comments?post=42979"}],"version-history":[{"count":1,"href":"https:\/\/www.portalalerta.com.br\/index.php\/wp-json\/wp\/v2\/posts\/42979\/revisions"}],"predecessor-version":[{"id":42980,"href":"https:\/\/www.portalalerta.com.br\/index.php\/wp-json\/wp\/v2\/posts\/42979\/revisions\/42980"}],"wp:featuredmedia":[{"embeddable":true,"href":"https:\/\/www.portalalerta.com.br\/index.php\/wp-json\/wp\/v2\/media\/9497"}],"wp:attachment":[{"href":"https:\/\/www.portalalerta.com.br\/index.php\/wp-json\/wp\/v2\/media?parent=42979"}],"wp:term":[{"taxonomy":"category","embeddable":true,"href":"https:\/\/www.portalalerta.com.br\/index.php\/wp-json\/wp\/v2\/categories?post=42979"},{"taxonomy":"post_tag","embeddable":true,"href":"https:\/\/www.portalalerta.com.br\/index.php\/wp-json\/wp\/v2\/tags?post=42979"}],"curies":[{"name":"wp","href":"https:\/\/api.w.org\/{rel}","templated":true}]}}