{"id":42983,"date":"2022-05-31T10:51:18","date_gmt":"2022-05-31T13:51:18","guid":{"rendered":"https:\/\/www.portalalerta.com.br\/?p=42983"},"modified":"2022-05-31T10:51:19","modified_gmt":"2022-05-31T13:51:19","slug":"policia-cumpre-mandado-de-prisao-contra-traficante-cicerodantense-em-fatima-ba","status":"publish","type":"post","link":"https:\/\/www.portalalerta.com.br\/index.php\/2022\/05\/31\/policia-cumpre-mandado-de-prisao-contra-traficante-cicerodantense-em-fatima-ba\/","title":{"rendered":"Pol\u00edcia cumpre mandado de pris\u00e3o contra traficante cicerodantense, em F\u00e1tima-BA"},"content":{"rendered":"\n<p><br>Por volta das 10hs desta segunda-feira (30), uma a\u00e7\u00e3o conjunta entre policiais civis e Guardas Municipais de F\u00e1tima-BA, cumpriram um mandado de pris\u00e3o condenat\u00f3ria, contra um traficante cicerodantense.<\/p>\n\n\n\n<!--more-->\n\n\n\n<p>Segundo relatos, o objetivo era cumprir um mandado de pris\u00e3o contra outro criminoso acusado da pr\u00e1tica de recepta\u00e7\u00e3o, por\u00e9m no local em quest\u00e3o foi encontrado o traficante identificado pelas iniciais C.R.C.J (Cac\u00e1), que segundo consta, traficava entorpecentes na localidade conhecida como Coreia, em C\u00edcero Dantas-BA, fato ocorrido em 2020.<\/p>\n\n\n\n<div class=\"wp-block-image\"><figure class=\"alignleft size-large is-resized\"><img fetchpriority=\"high\" decoding=\"async\" src=\"https:\/\/www.portalalerta.com.br\/wp-content\/uploads\/2022\/03\/Real-Calcados-Estilo-e-Moda-para-Voce-1024x459.jpeg\" alt=\"\" class=\"wp-image-41407\" width=\"453\" height=\"203\"\/><\/figure><\/div>\n\n\n\n<p>Cac\u00e1 estava na condi\u00e7\u00e3o de foragido, e segundo as investiga\u00e7\u00f5es, estava em S\u00e3o Paulo,, de onde retornou recentemente. O traficante se encontra custodiado na Delegacia de Pol\u00edcia Civil de C\u00edcero Dantas onde se encontra \u00e0 disposi\u00e7\u00e3o da justi\u00e7a.<\/p>\n\n\n\n<p>A a\u00e7\u00e3o foi realizada por policiais civis da sede da 25\u00aa COORPIN, Guardas Civis Municipais da cidade, coordenada pelo Delegado da Pol\u00edcia Civil, Dr. Miguel Vieira.<\/p>\n\n\n\n<p><em>Reda\u00e7\u00e3o: Portal Alerta<\/em><\/p>\n","protected":false},"excerpt":{"rendered":"<p>Por volta das 10hs desta segunda-feira (30), uma a\u00e7\u00e3o conjunta entre policiais civis e Guardas Municipais de F\u00e1tima-BA, cumpriram um mandado de pris\u00e3o condenat\u00f3ria, contra um traficante cicerodantense.<\/p>\n","protected":false},"author":2,"featured_media":20567,"comment_status":"open","ping_status":"open","sticky":false,"template":"","format":"standard","meta":{"om_disable_all_campaigns":false,"_monsterinsights_skip_tracking":false,"_monsterinsights_sitenote_active":false,"_monsterinsights_sitenote_note":"","_monsterinsights_sitenote_category":0,"footnotes":""},"categories":[4,70,10,69,32,22],"tags":[557,75,107,313,488,122,77,76],"class_list":["post-42983","post","type-post","status-publish","format-standard","has-post-thumbnail","hentry","category-cicero-dantas","category-destaques","category-fatima","category-noticias2","category-regiao","category-seguranca","tag-25a-coorpin","tag-cicero-dantas","tag-fatima","tag-gcm","tag-mandado-de-prisao","tag-policia-civil","tag-preso","tag-trafico-de-drogas"],"aioseo_notices":[],"_links":{"self":[{"href":"https:\/\/www.portalalerta.com.br\/index.php\/wp-json\/wp\/v2\/posts\/42983","targetHints":{"allow":["GET"]}}],"collection":[{"href":"https:\/\/www.portalalerta.com.br\/index.php\/wp-json\/wp\/v2\/posts"}],"about":[{"href":"https:\/\/www.portalalerta.com.br\/index.php\/wp-json\/wp\/v2\/types\/post"}],"author":[{"embeddable":true,"href":"https:\/\/www.portalalerta.com.br\/index.php\/wp-json\/wp\/v2\/users\/2"}],"replies":[{"embeddable":true,"href":"https:\/\/www.portalalerta.com.br\/index.php\/wp-json\/wp\/v2\/comments?post=42983"}],"version-history":[{"count":1,"href":"https:\/\/www.portalalerta.com.br\/index.php\/wp-json\/wp\/v2\/posts\/42983\/revisions"}],"predecessor-version":[{"id":42984,"href":"https:\/\/www.portalalerta.com.br\/index.php\/wp-json\/wp\/v2\/posts\/42983\/revisions\/42984"}],"wp:featuredmedia":[{"embeddable":true,"href":"https:\/\/www.portalalerta.com.br\/index.php\/wp-json\/wp\/v2\/media\/20567"}],"wp:attachment":[{"href":"https:\/\/www.portalalerta.com.br\/index.php\/wp-json\/wp\/v2\/media?parent=42983"}],"wp:term":[{"taxonomy":"category","embeddable":true,"href":"https:\/\/www.portalalerta.com.br\/index.php\/wp-json\/wp\/v2\/categories?post=42983"},{"taxonomy":"post_tag","embeddable":true,"href":"https:\/\/www.portalalerta.com.br\/index.php\/wp-json\/wp\/v2\/tags?post=42983"}],"curies":[{"name":"wp","href":"https:\/\/api.w.org\/{rel}","templated":true}]}}