{"id":42985,"date":"2022-05-31T16:17:40","date_gmt":"2022-05-31T19:17:40","guid":{"rendered":"https:\/\/www.portalalerta.com.br\/?p=42985"},"modified":"2022-05-31T16:17:41","modified_gmt":"2022-05-31T19:17:41","slug":"desemprego-cai-pelo-quinto-trimestre-seguido-mas-rendimento-do-brasileiro-nao-cresce","status":"publish","type":"post","link":"https:\/\/www.portalalerta.com.br\/index.php\/2022\/05\/31\/desemprego-cai-pelo-quinto-trimestre-seguido-mas-rendimento-do-brasileiro-nao-cresce\/","title":{"rendered":"Desemprego cai pelo quinto trimestre seguido, mas rendimento do brasileiro n\u00e3o cresce"},"content":{"rendered":"\n<p>A taxa de desocupa\u00e7\u00e3o ficou em 10,5% no trimestre encerrado em abril, a menor para esse trimestre desde 2015, quando foi de 8,1%.\u00a0Essa \u00e9 a quinta queda consecutiva no \u00edndice,\u00a0que vem caindo desde o trimestre finalizado em abril de 2021, de acordo com a Pesquisa Nacional por Amostra de Domic\u00edlios Cont\u00ednua (Pnad Cont\u00ednua), divulgada nesta ter\u00e7a-feira (31), pelo IBGE.<\/p>\n\n\n\n<!--more-->\n\n\n\n<div class=\"wp-block-image\"><figure class=\"alignleft size-full is-resized\"><img fetchpriority=\"high\" decoding=\"async\" src=\"https:\/\/www.portalalerta.com.br\/wp-content\/uploads\/2021\/04\/ELAB.jpg\" alt=\"\" class=\"wp-image-34795\" width=\"422\" height=\"337\" srcset=\"https:\/\/www.portalalerta.com.br\/wp-content\/uploads\/2021\/04\/ELAB.jpg 1000w, https:\/\/www.portalalerta.com.br\/wp-content\/uploads\/2021\/04\/ELAB-300x240.jpg 300w, https:\/\/www.portalalerta.com.br\/wp-content\/uploads\/2021\/04\/ELAB-768x614.jpg 768w, https:\/\/www.portalalerta.com.br\/wp-content\/uploads\/2021\/04\/ELAB-183x146.jpg 183w, https:\/\/www.portalalerta.com.br\/wp-content\/uploads\/2021\/04\/ELAB-50x40.jpg 50w, https:\/\/www.portalalerta.com.br\/wp-content\/uploads\/2021\/04\/ELAB-94x75.jpg 94w\" sizes=\"(max-width: 422px) 100vw, 422px\" \/><\/figure><\/div>\n\n\n\n<p>A renda m\u00e9dia do brasileiro, por\u00e9m, manteve-se est\u00e1vel, em R$ 2.569 no trimestre encerrado em abril. Mesmo com aumento do n\u00famero de empregados, houve uma queda de 7,9% no rendimento m\u00e9dio em rela\u00e7\u00e3o ao mesmo trimestre do ano anterior.<\/p>\n\n\n\n<p>Para Adriana Beringuy, coordenadora de pesquisas por amostra de domic\u00edlios do IBGE, a expans\u00e3o da formalidade n\u00e3o se traduziu em crescimento do rendimento: \u201cEmbora tenha havido crescimento da formalidade, n\u00e3o foi observada expans\u00e3o do rendimento m\u00e9dio real do emprego com carteira assinada no setor privado. Al\u00e9m disso, houve queda no rendimento do setor p\u00fablico\u201d, afirma.<\/p>\n\n\n\n<p>O n\u00famero de pessoas ocupadas, de 96,5 milh\u00f5es \u00e9 o maior da s\u00e9rie hist\u00f3rica, iniciada em 2012, com alta de 1,1% na compara\u00e7\u00e3o com o trimestre anterior. No ano, houve um aumento de 9 milh\u00f5es de pessoas ocupadas.&nbsp;<\/p>\n\n\n\n<p>A divulga\u00e7\u00e3o desta ter\u00e7a restringe-se apenas ao cen\u00e1rio nacional. No primeiro trimestre deste ano,\u00a0a Bahia apareceu na lideran\u00e7a do n\u00famero de desocupados.\u00a0<\/p>\n\n\n\n<p><em>Fonte: Metro1<\/em><\/p>\n","protected":false},"excerpt":{"rendered":"<p>A taxa de desocupa\u00e7\u00e3o ficou em 10,5% no trimestre encerrado em abril, a menor para esse trimestre desde 2015, quando foi de 8,1%.\u00a0Essa \u00e9 a quinta queda consecutiva no \u00edndice,\u00a0que vem caindo desde o trimestre finalizado em abril de 2021, de acordo com a Pesquisa Nacional por Amostra de Domic\u00edlios Cont\u00ednua (Pnad Cont\u00ednua), divulgada nesta &hellip;<\/p>\n","protected":false},"author":2,"featured_media":32379,"comment_status":"open","ping_status":"open","sticky":false,"template":"","format":"standard","meta":{"om_disable_all_campaigns":false,"_monsterinsights_skip_tracking":false,"_monsterinsights_sitenote_active":false,"_monsterinsights_sitenote_note":"","_monsterinsights_sitenote_category":0,"footnotes":""},"categories":[34,70,69],"tags":[93,793],"class_list":["post-42985","post","type-post","status-publish","format-standard","has-post-thumbnail","hentry","category-brasil","category-destaques","category-noticias2","tag-brasil","tag-desemprego"],"aioseo_notices":[],"_links":{"self":[{"href":"https:\/\/www.portalalerta.com.br\/index.php\/wp-json\/wp\/v2\/posts\/42985","targetHints":{"allow":["GET"]}}],"collection":[{"href":"https:\/\/www.portalalerta.com.br\/index.php\/wp-json\/wp\/v2\/posts"}],"about":[{"href":"https:\/\/www.portalalerta.com.br\/index.php\/wp-json\/wp\/v2\/types\/post"}],"author":[{"embeddable":true,"href":"https:\/\/www.portalalerta.com.br\/index.php\/wp-json\/wp\/v2\/users\/2"}],"replies":[{"embeddable":true,"href":"https:\/\/www.portalalerta.com.br\/index.php\/wp-json\/wp\/v2\/comments?post=42985"}],"version-history":[{"count":1,"href":"https:\/\/www.portalalerta.com.br\/index.php\/wp-json\/wp\/v2\/posts\/42985\/revisions"}],"predecessor-version":[{"id":42986,"href":"https:\/\/www.portalalerta.com.br\/index.php\/wp-json\/wp\/v2\/posts\/42985\/revisions\/42986"}],"wp:featuredmedia":[{"embeddable":true,"href":"https:\/\/www.portalalerta.com.br\/index.php\/wp-json\/wp\/v2\/media\/32379"}],"wp:attachment":[{"href":"https:\/\/www.portalalerta.com.br\/index.php\/wp-json\/wp\/v2\/media?parent=42985"}],"wp:term":[{"taxonomy":"category","embeddable":true,"href":"https:\/\/www.portalalerta.com.br\/index.php\/wp-json\/wp\/v2\/categories?post=42985"},{"taxonomy":"post_tag","embeddable":true,"href":"https:\/\/www.portalalerta.com.br\/index.php\/wp-json\/wp\/v2\/tags?post=42985"}],"curies":[{"name":"wp","href":"https:\/\/api.w.org\/{rel}","templated":true}]}}