{"id":42987,"date":"2022-05-31T16:43:36","date_gmt":"2022-05-31T19:43:36","guid":{"rendered":"https:\/\/www.portalalerta.com.br\/?p=42987"},"modified":"2022-05-31T16:43:37","modified_gmt":"2022-05-31T19:43:37","slug":"policia-recupera-veiculo-roubado-em-euclides-da-cunha-ba-3","status":"publish","type":"post","link":"https:\/\/www.portalalerta.com.br\/index.php\/2022\/05\/31\/policia-recupera-veiculo-roubado-em-euclides-da-cunha-ba-3\/","title":{"rendered":"Pol\u00edcia recupera ve\u00edculo roubado em Euclides da Cunha-BA"},"content":{"rendered":"\n<p><br>Por volta das 08hs da \u00faltima segunda-feira (30), policiais militares da 1\u00aa CIA\/ Euclides da Cunha-BA, foram solicitados para apurarem uma den\u00fancia de perturba\u00e7\u00e3o do sossego alheio.<\/p>\n\n\n\n<!--more-->\n\n\n\n<div class=\"wp-block-image\"><figure class=\"aligncenter size-full\"><img fetchpriority=\"high\" decoding=\"async\" width=\"720\" height=\"181\" src=\"https:\/\/www.portalalerta.com.br\/wp-content\/uploads\/2018\/02\/Auto-Escola-Nobre.jpg\" alt=\"\" class=\"wp-image-4869\" srcset=\"https:\/\/www.portalalerta.com.br\/wp-content\/uploads\/2018\/02\/Auto-Escola-Nobre.jpg 720w, https:\/\/www.portalalerta.com.br\/wp-content\/uploads\/2018\/02\/Auto-Escola-Nobre-260x65.jpg 260w, https:\/\/www.portalalerta.com.br\/wp-content\/uploads\/2018\/02\/Auto-Escola-Nobre-50x13.jpg 50w, https:\/\/www.portalalerta.com.br\/wp-content\/uploads\/2018\/02\/Auto-Escola-Nobre-150x38.jpg 150w\" sizes=\"(max-width: 720px) 100vw, 720px\" \/><\/figure><\/div>\n\n\n\n<p>No local indicado, os policiais visualizaram diversas motocicletas, sendo todas submetidas a consulta junto ao Sistema de Seguran\u00e7a P\u00fablica. Um dos ve\u00edculos, uma Honda CB 300, de cor amarela, placa policial NRV 2134, com licen\u00e7a de Campo Grande-MS, com restri\u00e7\u00e3o de furto\/ roubo.<\/p>\n\n\n\n<p>Diante do flagrante, tanto o respons\u00e1vel, quanto o ve\u00edculo, foram conduzidos e apresentados no Complexo Policial da cidade.<\/p>\n\n\n\n<p><em>Reda\u00e7\u00e3o: Portal Alerta<\/em><\/p>\n","protected":false},"excerpt":{"rendered":"<p>Por volta das 08hs da \u00faltima segunda-feira (30), policiais militares da 1\u00aa CIA\/ Euclides da Cunha-BA, foram solicitados para apurarem uma den\u00fancia de perturba\u00e7\u00e3o do sossego alheio.<\/p>\n","protected":false},"author":2,"featured_media":42988,"comment_status":"open","ping_status":"open","sticky":false,"template":"","format":"standard","meta":{"om_disable_all_campaigns":false,"_monsterinsights_skip_tracking":false,"_monsterinsights_sitenote_active":false,"_monsterinsights_sitenote_note":"","_monsterinsights_sitenote_category":0,"footnotes":""},"categories":[70,17,69,22],"tags":[387,129,79,101,102],"class_list":["post-42987","post","type-post","status-publish","format-standard","has-post-thumbnail","hentry","category-destaques","category-euclides-da-cunha","category-noticias2","category-seguranca","tag-5o-bpm","tag-euclides-da-cunha","tag-policia-militar","tag-roubo-de-moto","tag-veiculo-recuperado"],"aioseo_notices":[],"_links":{"self":[{"href":"https:\/\/www.portalalerta.com.br\/index.php\/wp-json\/wp\/v2\/posts\/42987","targetHints":{"allow":["GET"]}}],"collection":[{"href":"https:\/\/www.portalalerta.com.br\/index.php\/wp-json\/wp\/v2\/posts"}],"about":[{"href":"https:\/\/www.portalalerta.com.br\/index.php\/wp-json\/wp\/v2\/types\/post"}],"author":[{"embeddable":true,"href":"https:\/\/www.portalalerta.com.br\/index.php\/wp-json\/wp\/v2\/users\/2"}],"replies":[{"embeddable":true,"href":"https:\/\/www.portalalerta.com.br\/index.php\/wp-json\/wp\/v2\/comments?post=42987"}],"version-history":[{"count":1,"href":"https:\/\/www.portalalerta.com.br\/index.php\/wp-json\/wp\/v2\/posts\/42987\/revisions"}],"predecessor-version":[{"id":42989,"href":"https:\/\/www.portalalerta.com.br\/index.php\/wp-json\/wp\/v2\/posts\/42987\/revisions\/42989"}],"wp:featuredmedia":[{"embeddable":true,"href":"https:\/\/www.portalalerta.com.br\/index.php\/wp-json\/wp\/v2\/media\/42988"}],"wp:attachment":[{"href":"https:\/\/www.portalalerta.com.br\/index.php\/wp-json\/wp\/v2\/media?parent=42987"}],"wp:term":[{"taxonomy":"category","embeddable":true,"href":"https:\/\/www.portalalerta.com.br\/index.php\/wp-json\/wp\/v2\/categories?post=42987"},{"taxonomy":"post_tag","embeddable":true,"href":"https:\/\/www.portalalerta.com.br\/index.php\/wp-json\/wp\/v2\/tags?post=42987"}],"curies":[{"name":"wp","href":"https:\/\/api.w.org\/{rel}","templated":true}]}}