{"id":42990,"date":"2022-05-31T16:48:45","date_gmt":"2022-05-31T19:48:45","guid":{"rendered":"https:\/\/www.portalalerta.com.br\/?p=42990"},"modified":"2022-05-31T16:48:47","modified_gmt":"2022-05-31T19:48:47","slug":"seis-pessoas-ficam-feridas-em-acidente-no-metro-de-salvador","status":"publish","type":"post","link":"https:\/\/www.portalalerta.com.br\/index.php\/2022\/05\/31\/seis-pessoas-ficam-feridas-em-acidente-no-metro-de-salvador\/","title":{"rendered":"Seis pessoas ficam feridas em acidente no metr\u00f4 de Salvador"},"content":{"rendered":"\n<p>Com leves ferimentos, v\u00edtimas foram atendidas pelo Samu; demais passageiros n\u00e3o sofreram impactos com situa\u00e7\u00e3o<\/p>\n\n\n\n<!--more-->\n\n\n\n<p>Seis pessoas ficaram feridas ap\u00f3s o\u00a0<strong>acidente no metr\u00f4 de Salvador<\/strong>, ocorrido\u00a0na manh\u00e3 desta ter\u00e7a-feira (31). Com ferimentos leves, dois funcion\u00e1rios da CCR e quatro passageiros foram atendidos pelo Servi\u00e7o de Atendimento M\u00f3vel de Urg\u00eancia.<\/p>\n\n\n\n<div class=\"wp-block-image\"><figure class=\"alignleft size-large is-resized\"><img fetchpriority=\"high\" decoding=\"async\" src=\"https:\/\/www.portalalerta.com.br\/wp-content\/uploads\/2022\/03\/Real-Calcados-Estilo-e-Moda-para-Voce-1024x459.jpeg\" alt=\"\" class=\"wp-image-41407\" width=\"401\" height=\"180\"\/><\/figure><\/div>\n\n\n\n<p>Os funcion\u00e1rios atendidos estavam no caminh\u00e3o de servi\u00e7o da CCR, que colidiu com o trem. Os passageiros feridos s\u00e3o duas mulheres adultas, uma idosa e um homem. Eles apresentaram dores abdominais e foram levados ao Hospital Geral do Estado e Hospital Municipal.<\/p>\n\n\n\n<p>Os demais passageiros n\u00e3o sofreram impactos com a situa\u00e7\u00e3o e&nbsp;foram retirados do vag\u00e3o por funcion\u00e1rios da CCR.&nbsp;<\/p>\n\n\n\n<p>Um trem do Metr\u00f4 de Salvador descarrilhou na manh\u00e3 desta ter\u00e7a na Esta\u00e7\u00e3o Piraj\u00e1. V\u00eddeos que circulam nas redes sociais mostram um vag\u00e3o se chocando com um caminh\u00e3o de servi\u00e7o, fazendo o trem sair dos trilhos. Informa\u00e7\u00f5es iniciais apontam que o caminh\u00e3o perdeu tra\u00e7\u00e3o, desceu no trilho e colidiu com o vag\u00e3o.<\/p>\n\n\n\n<p><em>Fonte: Metro1<\/em><\/p>\n","protected":false},"excerpt":{"rendered":"<p>Com leves ferimentos, v\u00edtimas foram atendidas pelo Samu; demais passageiros n\u00e3o sofreram impactos com situa\u00e7\u00e3o<\/p>\n","protected":false},"author":2,"featured_media":42991,"comment_status":"open","ping_status":"open","sticky":false,"template":"","format":"standard","meta":{"om_disable_all_campaigns":false,"_monsterinsights_skip_tracking":false,"_monsterinsights_sitenote_active":false,"_monsterinsights_sitenote_note":"","_monsterinsights_sitenote_category":0,"footnotes":""},"categories":[33,70,69],"tags":[166,54,393,2694,330],"class_list":["post-42990","post","type-post","status-publish","format-standard","has-post-thumbnail","hentry","category-bahia","category-destaques","category-noticias2","tag-acidente","tag-bahia","tag-feridos","tag-metro","tag-salvador"],"aioseo_notices":[],"_links":{"self":[{"href":"https:\/\/www.portalalerta.com.br\/index.php\/wp-json\/wp\/v2\/posts\/42990","targetHints":{"allow":["GET"]}}],"collection":[{"href":"https:\/\/www.portalalerta.com.br\/index.php\/wp-json\/wp\/v2\/posts"}],"about":[{"href":"https:\/\/www.portalalerta.com.br\/index.php\/wp-json\/wp\/v2\/types\/post"}],"author":[{"embeddable":true,"href":"https:\/\/www.portalalerta.com.br\/index.php\/wp-json\/wp\/v2\/users\/2"}],"replies":[{"embeddable":true,"href":"https:\/\/www.portalalerta.com.br\/index.php\/wp-json\/wp\/v2\/comments?post=42990"}],"version-history":[{"count":1,"href":"https:\/\/www.portalalerta.com.br\/index.php\/wp-json\/wp\/v2\/posts\/42990\/revisions"}],"predecessor-version":[{"id":42992,"href":"https:\/\/www.portalalerta.com.br\/index.php\/wp-json\/wp\/v2\/posts\/42990\/revisions\/42992"}],"wp:featuredmedia":[{"embeddable":true,"href":"https:\/\/www.portalalerta.com.br\/index.php\/wp-json\/wp\/v2\/media\/42991"}],"wp:attachment":[{"href":"https:\/\/www.portalalerta.com.br\/index.php\/wp-json\/wp\/v2\/media?parent=42990"}],"wp:term":[{"taxonomy":"category","embeddable":true,"href":"https:\/\/www.portalalerta.com.br\/index.php\/wp-json\/wp\/v2\/categories?post=42990"},{"taxonomy":"post_tag","embeddable":true,"href":"https:\/\/www.portalalerta.com.br\/index.php\/wp-json\/wp\/v2\/tags?post=42990"}],"curies":[{"name":"wp","href":"https:\/\/api.w.org\/{rel}","templated":true}]}}