{"id":42995,"date":"2022-06-01T06:30:00","date_gmt":"2022-06-01T09:30:00","guid":{"rendered":"https:\/\/www.portalalerta.com.br\/?p=42995"},"modified":"2022-05-31T23:19:22","modified_gmt":"2022-06-01T02:19:22","slug":"seis-dias-apos-morte-de-genivaldo-diretores-da-prf-sao-dispensados","status":"publish","type":"post","link":"https:\/\/www.portalalerta.com.br\/index.php\/2022\/06\/01\/seis-dias-apos-morte-de-genivaldo-diretores-da-prf-sao-dispensados\/","title":{"rendered":"Seis dias ap\u00f3s morte de Genivaldo, diretores da PRF s\u00e3o dispensados"},"content":{"rendered":"\n<p>Decis\u00e3o foi publicada no&nbsp;Di\u00e1rio Oficial da Uni\u00e3o, assinada pelo ministro-chefe da Casa Civil, Ciro Nogueira<\/p>\n\n\n\n<!--more-->\n\n\n\n<p>O Minist\u00e9rio da&nbsp;Justi\u00e7a&nbsp;e Seguran\u00e7a P\u00fablica dispensou, nesta ter\u00e7a-feira (31), o Diretor de Intelig\u00eancia e o&nbsp;Diretor-Executivo da Pol\u00edcia Rodovi\u00e1ria Federal (PRF), Allan da Mota Rebello e Jean Coelho, respectivamente. A decis\u00e3o foi publicada no&nbsp;Di\u00e1rio Oficial da Uni\u00e3o, assinada pelo ministro-chefe da Casa Civil, Ciro Nogueira.<\/p>\n\n\n\n<div class=\"wp-block-image\"><figure class=\"alignleft size-full is-resized\"><img fetchpriority=\"high\" decoding=\"async\" src=\"https:\/\/www.portalalerta.com.br\/wp-content\/uploads\/2021\/04\/ELAB.jpg\" alt=\"\" class=\"wp-image-34795\" width=\"399\" height=\"318\" srcset=\"https:\/\/www.portalalerta.com.br\/wp-content\/uploads\/2021\/04\/ELAB.jpg 1000w, https:\/\/www.portalalerta.com.br\/wp-content\/uploads\/2021\/04\/ELAB-300x240.jpg 300w, https:\/\/www.portalalerta.com.br\/wp-content\/uploads\/2021\/04\/ELAB-768x614.jpg 768w, https:\/\/www.portalalerta.com.br\/wp-content\/uploads\/2021\/04\/ELAB-183x146.jpg 183w, https:\/\/www.portalalerta.com.br\/wp-content\/uploads\/2021\/04\/ELAB-50x40.jpg 50w, https:\/\/www.portalalerta.com.br\/wp-content\/uploads\/2021\/04\/ELAB-94x75.jpg 94w\" sizes=\"(max-width: 399px) 100vw, 399px\" \/><\/figure><\/div>\n\n\n\n<p>As dispensas acontecem seis dias ap\u00f3s&nbsp;a morte de Genivaldo de Jesus Santos, 38 anos, ocorrida em Sergipe, ap\u00f3s uma abordagem feita por policiais rodovi\u00e1rios federais na BR-101. O fato ocorreu no \u00faltimo dia 25, no munic\u00edpio de Umba\u00faba, localizado no sul do estado.<\/p>\n\n\n\n<p>Imagens veiculadas na internet mostram a v\u00edtima presa dentro de uma viatura esfuma\u00e7ada. As suspeitas s\u00e3o de que a fuma\u00e7a era de uma bomba de g\u00e1s lacrimog\u00eaneo jogada dentro da mala pelos policiais, o que teria resultado na morte de Genivaldo por asfixia. A v\u00edtima&nbsp;era aposentada&nbsp;em virtude da esquizofrenia.<\/p>\n\n\n\n<p><em>Fonte: Metro1<\/em><\/p>\n","protected":false},"excerpt":{"rendered":"<p>Decis\u00e3o foi publicada no&nbsp;Di\u00e1rio Oficial da Uni\u00e3o, assinada pelo ministro-chefe da Casa Civil, Ciro Nogueira<\/p>\n","protected":false},"author":2,"featured_media":42907,"comment_status":"open","ping_status":"open","sticky":false,"template":"","format":"standard","meta":{"om_disable_all_campaigns":false,"_monsterinsights_skip_tracking":false,"_monsterinsights_sitenote_active":false,"_monsterinsights_sitenote_note":"","_monsterinsights_sitenote_category":0,"footnotes":""},"categories":[34,70,69,22],"tags":[93,517,169,149,114,1374],"class_list":["post-42995","post","type-post","status-publish","format-standard","has-post-thumbnail","hentry","category-brasil","category-destaques","category-noticias2","category-seguranca","tag-brasil","tag-exoneracao","tag-morte","tag-prf","tag-sergipe","tag-umbauba"],"aioseo_notices":[],"_links":{"self":[{"href":"https:\/\/www.portalalerta.com.br\/index.php\/wp-json\/wp\/v2\/posts\/42995","targetHints":{"allow":["GET"]}}],"collection":[{"href":"https:\/\/www.portalalerta.com.br\/index.php\/wp-json\/wp\/v2\/posts"}],"about":[{"href":"https:\/\/www.portalalerta.com.br\/index.php\/wp-json\/wp\/v2\/types\/post"}],"author":[{"embeddable":true,"href":"https:\/\/www.portalalerta.com.br\/index.php\/wp-json\/wp\/v2\/users\/2"}],"replies":[{"embeddable":true,"href":"https:\/\/www.portalalerta.com.br\/index.php\/wp-json\/wp\/v2\/comments?post=42995"}],"version-history":[{"count":1,"href":"https:\/\/www.portalalerta.com.br\/index.php\/wp-json\/wp\/v2\/posts\/42995\/revisions"}],"predecessor-version":[{"id":42996,"href":"https:\/\/www.portalalerta.com.br\/index.php\/wp-json\/wp\/v2\/posts\/42995\/revisions\/42996"}],"wp:featuredmedia":[{"embeddable":true,"href":"https:\/\/www.portalalerta.com.br\/index.php\/wp-json\/wp\/v2\/media\/42907"}],"wp:attachment":[{"href":"https:\/\/www.portalalerta.com.br\/index.php\/wp-json\/wp\/v2\/media?parent=42995"}],"wp:term":[{"taxonomy":"category","embeddable":true,"href":"https:\/\/www.portalalerta.com.br\/index.php\/wp-json\/wp\/v2\/categories?post=42995"},{"taxonomy":"post_tag","embeddable":true,"href":"https:\/\/www.portalalerta.com.br\/index.php\/wp-json\/wp\/v2\/tags?post=42995"}],"curies":[{"name":"wp","href":"https:\/\/api.w.org\/{rel}","templated":true}]}}