{"id":43000,"date":"2022-06-01T06:32:00","date_gmt":"2022-06-01T09:32:00","guid":{"rendered":"https:\/\/www.portalalerta.com.br\/?p=43000"},"modified":"2022-05-31T23:44:11","modified_gmt":"2022-06-01T02:44:11","slug":"saude-monitora-dois-casos-suspeitos-de-variola-dos-macacos-no-brasil","status":"publish","type":"post","link":"https:\/\/www.portalalerta.com.br\/index.php\/2022\/06\/01\/saude-monitora-dois-casos-suspeitos-de-variola-dos-macacos-no-brasil\/","title":{"rendered":"Sa\u00fade monitora dois casos suspeitos de var\u00edola dos macacos no Brasil"},"content":{"rendered":"\n<p><em>Notifica\u00e7\u00f5es s\u00e3o do Cear\u00e1 e de Santa Catarina<\/em><\/p>\n\n\n\n<!--more-->\n\n\n\n<p>O Minist\u00e9rio da Sa\u00fade informou na&nbsp;\u00faltima segunda-feira (30) que recebeu a notifica\u00e7\u00e3o de dois casos suspeitos de var\u00edola dos macacos no Brasil. Um caso suspeito est\u00e1 no Cear\u00e1 e o outro, em Santa Catarina.<\/p>\n\n\n\n<div class=\"wp-block-image\"><figure class=\"alignleft size-large is-resized\"><img fetchpriority=\"high\" decoding=\"async\" src=\"https:\/\/www.portalalerta.com.br\/wp-content\/uploads\/2022\/03\/Real-Calcados-Estilo-e-Moda-para-Voce-1024x459.jpeg\" alt=\"\" class=\"wp-image-41407\" width=\"456\" height=\"204\"\/><\/figure><\/div>\n\n\n\n<p>A pasta afirmou ainda que est\u00e1 em contato com os estados para apoiar o monitoramento e as a\u00e7\u00f5es de vigil\u00e2ncia. Uma terceira pessoa est\u00e1 sendo monitorada no Rio Grande do Sul, mas ainda n\u00e3o foi classificada como suspeita.<\/p>\n\n\n\n<p>A&nbsp;var\u00edola dos macacos \u00e9 uma doen\u00e7a viral&nbsp;end\u00eamica no continente Africano, com transmissibilidade moderada entre humanos. At\u00e9 o momento, n\u00e3o h\u00e1 casos confirmados da doen\u00e7a no pa\u00eds.<\/p>\n\n\n\n<p><em>Fonte: Fique Por Dentro Agora<\/em><\/p>\n\n\n\n<p><em>Com informa\u00e7\u00f5es: Ag\u00eancia Brasil<\/em> &nbsp;<\/p>\n","protected":false},"excerpt":{"rendered":"<p>Notifica\u00e7\u00f5es s\u00e3o do Cear\u00e1 e de Santa Catarina<\/p>\n","protected":false},"author":2,"featured_media":43001,"comment_status":"open","ping_status":"open","sticky":false,"template":"","format":"standard","meta":{"om_disable_all_campaigns":false,"_monsterinsights_skip_tracking":false,"_monsterinsights_sitenote_active":false,"_monsterinsights_sitenote_note":"","_monsterinsights_sitenote_category":0,"footnotes":""},"categories":[34,70,69,19],"tags":[93,529,735,61,5419],"class_list":["post-43000","post","type-post","status-publish","format-standard","has-post-thumbnail","hentry","category-brasil","category-destaques","category-noticias2","category-saude","tag-brasil","tag-ceara","tag-santa-catarina","tag-saude","tag-variola-do-macaco"],"aioseo_notices":[],"_links":{"self":[{"href":"https:\/\/www.portalalerta.com.br\/index.php\/wp-json\/wp\/v2\/posts\/43000","targetHints":{"allow":["GET"]}}],"collection":[{"href":"https:\/\/www.portalalerta.com.br\/index.php\/wp-json\/wp\/v2\/posts"}],"about":[{"href":"https:\/\/www.portalalerta.com.br\/index.php\/wp-json\/wp\/v2\/types\/post"}],"author":[{"embeddable":true,"href":"https:\/\/www.portalalerta.com.br\/index.php\/wp-json\/wp\/v2\/users\/2"}],"replies":[{"embeddable":true,"href":"https:\/\/www.portalalerta.com.br\/index.php\/wp-json\/wp\/v2\/comments?post=43000"}],"version-history":[{"count":1,"href":"https:\/\/www.portalalerta.com.br\/index.php\/wp-json\/wp\/v2\/posts\/43000\/revisions"}],"predecessor-version":[{"id":43002,"href":"https:\/\/www.portalalerta.com.br\/index.php\/wp-json\/wp\/v2\/posts\/43000\/revisions\/43002"}],"wp:featuredmedia":[{"embeddable":true,"href":"https:\/\/www.portalalerta.com.br\/index.php\/wp-json\/wp\/v2\/media\/43001"}],"wp:attachment":[{"href":"https:\/\/www.portalalerta.com.br\/index.php\/wp-json\/wp\/v2\/media?parent=43000"}],"wp:term":[{"taxonomy":"category","embeddable":true,"href":"https:\/\/www.portalalerta.com.br\/index.php\/wp-json\/wp\/v2\/categories?post=43000"},{"taxonomy":"post_tag","embeddable":true,"href":"https:\/\/www.portalalerta.com.br\/index.php\/wp-json\/wp\/v2\/tags?post=43000"}],"curies":[{"name":"wp","href":"https:\/\/api.w.org\/{rel}","templated":true}]}}