{"id":43006,"date":"2022-06-01T11:00:00","date_gmt":"2022-06-01T14:00:00","guid":{"rendered":"https:\/\/www.portalalerta.com.br\/?p=43006"},"modified":"2022-06-01T00:11:05","modified_gmt":"2022-06-01T03:11:05","slug":"bolsonaro-anuncia-so-ira-a-debates-em-eventual-segundo-turno","status":"publish","type":"post","link":"https:\/\/www.portalalerta.com.br\/index.php\/2022\/06\/01\/bolsonaro-anuncia-so-ira-a-debates-em-eventual-segundo-turno\/","title":{"rendered":"Bolsonaro anuncia: s\u00f3 ir\u00e1 a debates em eventual segundo turno"},"content":{"rendered":"\n<p>O\u00a0presidente Jair Bolsonaro (PL)\u00a0afirmou que s\u00f3 participar\u00e1 de debater em caso de segundo turno. A declara\u00e7\u00e3o foi dada durante o programa do Ratinho, no SBT, nesta ter\u00e7a-feira (31).<\/p>\n\n\n\n<!--more-->\n\n\n\n<p>O objetivo de evitar os debates no primeiro turno, segundo Bolsonaro, \u00e9 n\u00e3o receber <strong><em>\u201cpancada\u201d<\/em><\/strong> dos outros candidatos, sem ter tempo suficiente para se defender.<\/p>\n\n\n\n<div class=\"wp-block-image\"><figure class=\"alignleft size-full is-resized\"><img fetchpriority=\"high\" decoding=\"async\" src=\"https:\/\/www.portalalerta.com.br\/wp-content\/uploads\/2021\/04\/ELAB.jpg\" alt=\"\" class=\"wp-image-34795\" width=\"446\" height=\"356\" srcset=\"https:\/\/www.portalalerta.com.br\/wp-content\/uploads\/2021\/04\/ELAB.jpg 1000w, https:\/\/www.portalalerta.com.br\/wp-content\/uploads\/2021\/04\/ELAB-300x240.jpg 300w, https:\/\/www.portalalerta.com.br\/wp-content\/uploads\/2021\/04\/ELAB-768x614.jpg 768w, https:\/\/www.portalalerta.com.br\/wp-content\/uploads\/2021\/04\/ELAB-183x146.jpg 183w, https:\/\/www.portalalerta.com.br\/wp-content\/uploads\/2021\/04\/ELAB-50x40.jpg 50w, https:\/\/www.portalalerta.com.br\/wp-content\/uploads\/2021\/04\/ELAB-94x75.jpg 94w\" sizes=\"(max-width: 446px) 100vw, 446px\" \/><\/figure><\/div>\n\n\n\n<p><strong><em>\u201cNo segundo turno, vou participar. Se eu for pro segundo turno, devo ir, vou participar\u201d<\/em><\/strong>, declarou ao programa do SBT. <strong><em>\u201cNo primeiro turno, a gente pensa, porque se eu for, os dez candidatos ali v\u00e3o querer o tempo todo dar pancada em mim e eu n\u00e3o vou ter tempo de responder pra eles.\u201d<\/em><\/strong><\/p>\n\n\n\n<p>Bolsonaro ainda opinou que as perguntas feitas nos debates deveriam ser combinadas antes entre a organiza\u00e7\u00e3o e os candidatos, para <strong><em>\u201cn\u00e3o baixar o n\u00edvel\u201d<\/em><\/strong>. Em 2018, alegando quest\u00f5es de sa\u00fade ap\u00f3s a facada, Jair Bolsonaro n\u00e3o participou dos debates eleitorais, mesmo quando j\u00e1 havia recebido alta m\u00e9dica e fazia transmiss\u00f5es pelas redes sociais.<\/p>\n\n\n\n<p>Segundo a \u00faltima pesquisa Datafolha, Bolsonaro tem 27% das inten\u00e7\u00f5es de votos, em segundo lugar, enquanto o ex-presidente Lula (PT) aparece em primeiro com 48%. Em votos v\u00e1lidos, o petista tem 54%, o que n\u00e3o permitiria um segundo turno na elei\u00e7\u00e3o.<\/p>\n\n\n\n<p><em>Fonte: Yahoo Not\u00edcias<\/em><\/p>\n","protected":false},"excerpt":{"rendered":"<p>O\u00a0presidente Jair Bolsonaro (PL)\u00a0afirmou que s\u00f3 participar\u00e1 de debater em caso de segundo turno. A declara\u00e7\u00e3o foi dada durante o programa do Ratinho, no SBT, nesta ter\u00e7a-feira (31).<\/p>\n","protected":false},"author":2,"featured_media":43007,"comment_status":"open","ping_status":"open","sticky":false,"template":"","format":"standard","meta":{"om_disable_all_campaigns":false,"_monsterinsights_skip_tracking":false,"_monsterinsights_sitenote_active":false,"_monsterinsights_sitenote_note":"","_monsterinsights_sitenote_category":0,"footnotes":""},"categories":[34,70,69,21],"tags":[93,1617,3181,1634,1395],"class_list":["post-43006","post","type-post","status-publish","format-standard","has-post-thumbnail","hentry","category-brasil","category-destaques","category-noticias2","category-politica","tag-brasil","tag-debate","tag-eleicoes-2022","tag-entrevista","tag-jair-bolsonaro"],"aioseo_notices":[],"_links":{"self":[{"href":"https:\/\/www.portalalerta.com.br\/index.php\/wp-json\/wp\/v2\/posts\/43006","targetHints":{"allow":["GET"]}}],"collection":[{"href":"https:\/\/www.portalalerta.com.br\/index.php\/wp-json\/wp\/v2\/posts"}],"about":[{"href":"https:\/\/www.portalalerta.com.br\/index.php\/wp-json\/wp\/v2\/types\/post"}],"author":[{"embeddable":true,"href":"https:\/\/www.portalalerta.com.br\/index.php\/wp-json\/wp\/v2\/users\/2"}],"replies":[{"embeddable":true,"href":"https:\/\/www.portalalerta.com.br\/index.php\/wp-json\/wp\/v2\/comments?post=43006"}],"version-history":[{"count":1,"href":"https:\/\/www.portalalerta.com.br\/index.php\/wp-json\/wp\/v2\/posts\/43006\/revisions"}],"predecessor-version":[{"id":43008,"href":"https:\/\/www.portalalerta.com.br\/index.php\/wp-json\/wp\/v2\/posts\/43006\/revisions\/43008"}],"wp:featuredmedia":[{"embeddable":true,"href":"https:\/\/www.portalalerta.com.br\/index.php\/wp-json\/wp\/v2\/media\/43007"}],"wp:attachment":[{"href":"https:\/\/www.portalalerta.com.br\/index.php\/wp-json\/wp\/v2\/media?parent=43006"}],"wp:term":[{"taxonomy":"category","embeddable":true,"href":"https:\/\/www.portalalerta.com.br\/index.php\/wp-json\/wp\/v2\/categories?post=43006"},{"taxonomy":"post_tag","embeddable":true,"href":"https:\/\/www.portalalerta.com.br\/index.php\/wp-json\/wp\/v2\/tags?post=43006"}],"curies":[{"name":"wp","href":"https:\/\/api.w.org\/{rel}","templated":true}]}}