{"id":43009,"date":"2022-06-01T11:01:00","date_gmt":"2022-06-01T14:01:00","guid":{"rendered":"https:\/\/www.portalalerta.com.br\/?p=43009"},"modified":"2022-06-01T00:23:49","modified_gmt":"2022-06-01T03:23:49","slug":"em-sessao-extraordinaria-camara-de-cicero-dantas-ba-aprova-parcelamento-de-dividas-do-municipio-com-a-embasa","status":"publish","type":"post","link":"https:\/\/www.portalalerta.com.br\/index.php\/2022\/06\/01\/em-sessao-extraordinaria-camara-de-cicero-dantas-ba-aprova-parcelamento-de-dividas-do-municipio-com-a-embasa\/","title":{"rendered":"Em sess\u00e3o extraordin\u00e1ria, C\u00e2mara de C\u00edcero Dantas-BA aprova parcelamento de d\u00edvidas do munic\u00edpio com a Embasa"},"content":{"rendered":"\n<p>Os treze vereadores de C\u00edcero Dantas (BA) aprovaram por unanimidade em sess\u00e3o extraordin\u00e1ria na manh\u00e3 da \u00faltima segunda-feira (30), o projeto de lei n\u00ba 443\/2022 de autoria do Poder Executivo, que autoriza a prefeitura a firmar termo de confiss\u00e3o de d\u00edvida, e acordo de parcelamento e quita\u00e7\u00e3o de d\u00e9bitos com a Empresa Baiana de \u00c1guas e Saneamento (Embasa).<\/p>\n\n\n\n<!--more-->\n\n\n\n<p>Os parlamentares foram convocados para a sess\u00e3o na sexta-feira (28), pelo presidente da casa legislativa, Abelardo J\u00fanior (PP), ap\u00f3s este receber a mat\u00e9ria do prefeito Ricardo Almeida (do mesmo partido). Durante a sess\u00e3o, os vereadores receber\u00e3o uma c\u00f3pia do projeto e um uma lista com as d\u00edvidas atuais do munic\u00edpio com a Embasa. em cada um dos pr\u00e9dios p\u00fablicos de propriedade municipal.<\/p>\n\n\n\n<div class=\"wp-block-image\"><figure class=\"aligncenter size-full\"><img fetchpriority=\"high\" decoding=\"async\" width=\"720\" height=\"181\" src=\"https:\/\/www.portalalerta.com.br\/wp-content\/uploads\/2018\/02\/Auto-Escola-Nobre.jpg\" alt=\"\" class=\"wp-image-4869\" srcset=\"https:\/\/www.portalalerta.com.br\/wp-content\/uploads\/2018\/02\/Auto-Escola-Nobre.jpg 720w, https:\/\/www.portalalerta.com.br\/wp-content\/uploads\/2018\/02\/Auto-Escola-Nobre-260x65.jpg 260w, https:\/\/www.portalalerta.com.br\/wp-content\/uploads\/2018\/02\/Auto-Escola-Nobre-50x13.jpg 50w, https:\/\/www.portalalerta.com.br\/wp-content\/uploads\/2018\/02\/Auto-Escola-Nobre-150x38.jpg 150w\" sizes=\"(max-width: 720px) 100vw, 720px\" \/><\/figure><\/div>\n\n\n\n<p>Ao todo, o munic\u00edpio ter\u00e1 que arcar com o pagamento de R$ 3.081.583,62 (tr\u00eas milh\u00f5es, oitenta e um mil, quinhentos e oitenta e tr\u00eas reais, e sessenta e dois centavos), em 240 presta\u00e7\u00f5es mensais. Os d\u00e9bitos s\u00e3o relativos a d\u00edvidas de gest\u00f5es anteriores j\u00e1 renegociadas no ano de 2017, e tamb\u00e9m de faturas entre janeiro de 2018 e abril de 2022.<\/p>\n\n\n\n<p>A necessidade de aprova\u00e7\u00e3o urgente do parcelamento pelo legislativo se d\u00e1 por conta do prazo para o munic\u00edpio estabelecer conv\u00eanios com o governo do Estado da Bahia, que neste ano eleitoral j\u00e1 se encerra na pr\u00f3xima quarta-feira (02). Sem a confiss\u00e3o da d\u00edvida com a Embasa e seu respetivo parcelamento, o munic\u00edpio n\u00e3o teria acesso \u00e0s certid\u00f5es necess\u00e1rias para validar os conv\u00eanios de obras em parceria com o estado.<\/p>\n\n\n\n<p>Apesar de contesta\u00e7\u00f5es e de d\u00favidas expressas quanto aos valores cobrados pela empresa estadual para o abastecimento de \u00e1gua em alguns pr\u00e9dios p\u00fablicos, os vereadores decidiram no plen\u00e1rio pelo prosseguimento da vota\u00e7\u00e3o da mat\u00e9ria. Eles acordaram que agora cobrar\u00e3o do Poder Executivo e da Embasa, explica\u00e7\u00f5es detalhadas sobre as cobran\u00e7as em cada uma das unidades onde \u00e9 feito e cobrado o fornecimento de \u00e1gua.<\/p>\n\n\n\n<p><em>Fonte: Sert\u00e3o em Pauta<\/em><\/p>\n","protected":false},"excerpt":{"rendered":"<p>Os treze vereadores de C\u00edcero Dantas (BA) aprovaram por unanimidade em sess\u00e3o extraordin\u00e1ria na manh\u00e3 da \u00faltima segunda-feira (30), o projeto de lei n\u00ba 443\/2022 de autoria do Poder Executivo, que autoriza a prefeitura a firmar termo de confiss\u00e3o de d\u00edvida, e acordo de parcelamento e quita\u00e7\u00e3o de d\u00e9bitos com a Empresa Baiana de \u00c1guas &hellip;<\/p>\n","protected":false},"author":2,"featured_media":3407,"comment_status":"open","ping_status":"open","sticky":false,"template":"","format":"standard","meta":{"om_disable_all_campaigns":false,"_monsterinsights_skip_tracking":false,"_monsterinsights_sitenote_active":false,"_monsterinsights_sitenote_note":"","_monsterinsights_sitenote_category":0,"footnotes":""},"categories":[4,70,69,21,32],"tags":[2605,75,240,275],"class_list":["post-43009","post","type-post","status-publish","format-standard","has-post-thumbnail","hentry","category-cicero-dantas","category-destaques","category-noticias2","category-politica","category-regiao","tag-agua","tag-cicero-dantas","tag-dividas","tag-embasa"],"aioseo_notices":[],"_links":{"self":[{"href":"https:\/\/www.portalalerta.com.br\/index.php\/wp-json\/wp\/v2\/posts\/43009","targetHints":{"allow":["GET"]}}],"collection":[{"href":"https:\/\/www.portalalerta.com.br\/index.php\/wp-json\/wp\/v2\/posts"}],"about":[{"href":"https:\/\/www.portalalerta.com.br\/index.php\/wp-json\/wp\/v2\/types\/post"}],"author":[{"embeddable":true,"href":"https:\/\/www.portalalerta.com.br\/index.php\/wp-json\/wp\/v2\/users\/2"}],"replies":[{"embeddable":true,"href":"https:\/\/www.portalalerta.com.br\/index.php\/wp-json\/wp\/v2\/comments?post=43009"}],"version-history":[{"count":1,"href":"https:\/\/www.portalalerta.com.br\/index.php\/wp-json\/wp\/v2\/posts\/43009\/revisions"}],"predecessor-version":[{"id":43010,"href":"https:\/\/www.portalalerta.com.br\/index.php\/wp-json\/wp\/v2\/posts\/43009\/revisions\/43010"}],"wp:featuredmedia":[{"embeddable":true,"href":"https:\/\/www.portalalerta.com.br\/index.php\/wp-json\/wp\/v2\/media\/3407"}],"wp:attachment":[{"href":"https:\/\/www.portalalerta.com.br\/index.php\/wp-json\/wp\/v2\/media?parent=43009"}],"wp:term":[{"taxonomy":"category","embeddable":true,"href":"https:\/\/www.portalalerta.com.br\/index.php\/wp-json\/wp\/v2\/categories?post=43009"},{"taxonomy":"post_tag","embeddable":true,"href":"https:\/\/www.portalalerta.com.br\/index.php\/wp-json\/wp\/v2\/tags?post=43009"}],"curies":[{"name":"wp","href":"https:\/\/api.w.org\/{rel}","templated":true}]}}