{"id":43018,"date":"2022-06-01T18:00:00","date_gmt":"2022-06-01T21:00:00","guid":{"rendered":"https:\/\/www.portalalerta.com.br\/?p=43018"},"modified":"2022-06-01T15:36:52","modified_gmt":"2022-06-01T18:36:52","slug":"uniao-brasil-oficializa-pre-candidatura-de-luciano-bivar-a-presidencia","status":"publish","type":"post","link":"https:\/\/www.portalalerta.com.br\/index.php\/2022\/06\/01\/uniao-brasil-oficializa-pre-candidatura-de-luciano-bivar-a-presidencia\/","title":{"rendered":"Uni\u00e3o Brasil oficializa pr\u00e9-candidatura de Luciano Bivar \u00e0 Presid\u00eancia"},"content":{"rendered":"\n<p><strong>Se confirmado pelo partido, Bivar disputar\u00e1 mandato pela 2\u00aa vez. Partido chegou a articular candidatura \u00fanica com MDB, PSDB e Cidadania, mas deixou grupo para ter candidatura pr\u00f3pria.<\/strong><\/p>\n\n\n\n<!--more-->\n\n\n\n<p>O\u00a0Uni\u00e3o Brasil\u00a0oficializou nesta ter\u00e7a-feira (31) em Bras\u00edlia a pr\u00e9-candidatura do deputado federal Luciano Bivar (PE) \u00e0 Presid\u00eancia da Rep\u00fablica.<\/p>\n\n\n\n<p>O\u00a0Uni\u00e3o Brasil\u00a0\u00e9 resultado da fus\u00e3o entre o\u00a0PSL, partido pelo qual o presidente\u00a0Jair Bolsonaro\u00a0(PL)se elegeu em 2018, e o\u00a0DEM.<\/p>\n\n\n\n<div class=\"wp-block-image\"><figure class=\"alignleft size-full is-resized\"><img fetchpriority=\"high\" decoding=\"async\" src=\"https:\/\/www.portalalerta.com.br\/wp-content\/uploads\/2021\/04\/ELAB.jpg\" alt=\"\" class=\"wp-image-34795\" width=\"419\" height=\"334\" srcset=\"https:\/\/www.portalalerta.com.br\/wp-content\/uploads\/2021\/04\/ELAB.jpg 1000w, https:\/\/www.portalalerta.com.br\/wp-content\/uploads\/2021\/04\/ELAB-300x240.jpg 300w, https:\/\/www.portalalerta.com.br\/wp-content\/uploads\/2021\/04\/ELAB-768x614.jpg 768w, https:\/\/www.portalalerta.com.br\/wp-content\/uploads\/2021\/04\/ELAB-183x146.jpg 183w, https:\/\/www.portalalerta.com.br\/wp-content\/uploads\/2021\/04\/ELAB-50x40.jpg 50w, https:\/\/www.portalalerta.com.br\/wp-content\/uploads\/2021\/04\/ELAB-94x75.jpg 94w\" sizes=\"(max-width: 419px) 100vw, 419px\" \/><\/figure><\/div>\n\n\n\n<p>Presidente da sigla com mais recursos na corrida eleitoral de 2022 (nos c\u00e1lculos do partido, o montante pode chegar a R$ 1 bilh\u00e3o), Bivar teve o nome\u00a0referendado pela Executiva Nacional do partido em abril.<\/p>\n\n\n\n<p>Na ocasi\u00e3o, o\u00a0Uni\u00e3o Brasil\u00a0chegou a articular com\u00a0MDB,\u00a0PSDB\u00a0e\u00a0Cidadania\u00a0o lan\u00e7amento de uma\u00a0candidatura \u00fanica\u00a0<strong>(veja mais abaixo)<\/strong>, mas a sigla decidiu deixar o grupo e\u00a0lan\u00e7ar uma &#8220;chapa pura&#8221;.<\/p>\n\n\n\n<p>O evento de lan\u00e7amento da pr\u00e9-candidatura de Bivar chegou a ser suspenso por tr\u00eas vezes devido a problemas no fornecimento de energia el\u00e9trica. Durante a falha t\u00e9cnica, a transmiss\u00e3o tamb\u00e9m foi paralisada.<\/p>\n\n\n\n<p>A presidente nacional do\u00a0Uni\u00e3o Brasil\u00a0Mulher, senadora Soraya Thronicke (MS), foi interrompida duas vezes por falhas no sistema de \u00e1udio, nas luzes cenogr\u00e1ficas e no tel\u00e3o. Segundo ela, o evento passou por uma \u201cfalha t\u00e9cnica\u201d. Depois das interrup\u00e7\u00f5es, que duraram cerca de dez minutos, o evento seguiu sem o tel\u00e3o de apoio.<\/p>\n\n\n\n<p>Bivar foi orientado por membros da sigla a antecipar a fala para evitar novas quedas de energia. Em seu discurso, o pr\u00e9-candidato defendeu que <strong><em>&#8220;nem esquerda, nem direita, \u00e9 hora do\u00a0Uni\u00e3o Brasil&#8221;<\/em><\/strong>. O deputado disse ainda que \u00e9 &#8220;imperioso&#8221; a sigla apresentar um candidato nestas elei\u00e7\u00f5es.<\/p>\n\n\n\n<p><strong><em>&#8220;Nossa comiss\u00e3o executiva e nossa bancada entenderam que \u00e9 imperioso apresentar um candidato nestas elei\u00e7\u00f5es. Seria uma covardia um partido do tamanho do nosso deixar uma sociedade que clama por mudan\u00e7as e chora por suas mazelas sem esperan\u00e7a. Vivemos sob o medo, a falta de oportunidade e a amea\u00e7a de um golpe ou retrocesso&#8221;<\/em><\/strong>, disse Bivar.<\/p>\n\n\n\n<p>A pr\u00e9-candidatura de Bivar nasce, segundo Bivar, com o objetivo de ser uma op\u00e7\u00e3o entre a polariza\u00e7\u00e3o dos primeiros colocados nas pesquisas de inten\u00e7\u00e3o de voto: Luiz In\u00e1cio\u00a0Lula\u00a0da Silva (PT) e\u00a0Jair Bolsonaro\u00a0(PL).<\/p>\n\n\n\n<p><strong><em>\u201cEu n\u00e3o acho justo que os brasileiros vivam espremidos em uma amea\u00e7a autorit\u00e1ria e outra populista. N\u00e3o admito\u201d<\/em><\/strong>, disse Bivar, em discurso.<\/p>\n\n\n\n<p>O deputado tamb\u00e9m afirmou que continuar\u00e1 defendendo ideais liberais econ\u00f4micos e democr\u00e1ticos, e de uma simplifica\u00e7\u00e3o tribut\u00e1ria. A defesa do tributo unificado est\u00e1 tamb\u00e9m em um jingle da campanha de Bivar e foi a proposta mais citada no discurso do pr\u00e9-candidato.<\/p>\n\n\n\n<p><strong><em>\u201cO imposto \u00fanico vem para diminuir a mordida, para n\u00e3o aumentar essa mordida do le\u00e3o. Ser\u00e1 um imposto s\u00f3 e todos ganhar\u00e3o\u201d<\/em><\/strong>, disse, acrescentando que a proposta prev\u00ea que trabalhadores que ganhem at\u00e9 R$ 6 mil n\u00e3o ter\u00e3o descontos. \u201cIsso sem perder nenhum direito\u201d, acrescentou.<\/p>\n\n\n\n<p><strong>Segunda tentativa<\/strong><\/p>\n\n\n\n<p>Se confirmada a candidatura neste ano, ser\u00e1 a segunda vez que Luciano Bivar tentar\u00e1 se eleger presidente. Na primeira tentativa, em 2006, Bivar disputou pelo ent\u00e3o\u00a0PSL, \u00e0 \u00e9poca como o candidato com maior patrim\u00f4nio declarado.<\/p>\n\n\n\n<p>Em entrevistas, dizia ter certeza de que alcan\u00e7aria o segundo turno. Teve 62 mil votos e ficou com a \u00faltima coloca\u00e7\u00e3o no pleito, isso sem considerar Rui Costa Pimenta (PCO), que teve os votos anulados.<\/p>\n\n\n\n<p>\u00c0 \u00e9poca, em um\u00a0perfil\u00a0escrito por ele ao\u00a0g1, Bivar disse que desejava se candidatar por estar &#8220;revoltado&#8221; e &#8220;indignado&#8221;. Defendeu a reforma tribut\u00e1ria, com um Imposto \u00danico Federal; a diminui\u00e7\u00e3o do Estado; e a manuten\u00e7\u00e3o de partidos pequenos.<\/p>\n\n\n\n<p>Dezesseis anos depois, o deputado que a candidatura ser\u00e1 focada na defesa de ideais liberais econ\u00f4micos e democr\u00e1ticos, al\u00e9m da simplifica\u00e7\u00e3o tribut\u00e1ria, com o Imposto \u00danico Federal.<\/p>\n\n\n\n<p><strong>Moro<\/strong><\/p>\n\n\n\n<p>O lan\u00e7amento da pr\u00e9-candidatura de Luciano Bivar acontece dois meses ap\u00f3s o ex-juiz e ex-ministro da Justi\u00e7a\u00a0Sergio Moro\u00a0se filiar ao\u00a0Uni\u00e3o Brasil.<\/p>\n\n\n\n<p>Moro chegou a ser anunciado como pr\u00e9-candidato \u00e0 Presid\u00eancia da Rep\u00fablica nas elei\u00e7\u00f5es deste ano pelo\u00a0Podemos, mas deixou o partido e migrou para o\u00a0Uni\u00e3o Brasil\u00a0no dia 31 de mar\u00e7o.\u00a0Na ocasi\u00e3o, o ex-juiz afirmou que naquele momento abriria m\u00e3o da disputa ao Planalto.<\/p>\n\n\n\n<p>No entanto, no dia seguinte, o ex-ministro da Justi\u00e7a\u00a0disse que n\u00e3o desistiu de nada.<\/p>\n\n\n\n<p>Moro diz que n\u00e3o desistiu de nada, um dia ap\u00f3s anunciar que abria m\u00e3o da pr\u00e9-candidatura \u00e0 Presid\u00eancia \u2018neste momento\u2019<\/p>\n\n\n\n<p>Em abril, quando a Executiva Nacional apontou Luciano Bivar como pr\u00e9-candidato do\u00a0Uni\u00e3o Brasil, Moro disse que seguiria <strong><em>&#8220;como soldado da democracia&#8221;.<\/em><\/strong><\/p>\n\n\n\n<p><strong><em>&#8220;O\u00a0Uni\u00e3o Brasil\u00a0escolheu o seu pr\u00e9-candidato \u00e0 Presid\u00eancia, Luciano Bivar. Espera-se que os demais partidos tamb\u00e9m possam definir, com clareza, os seus pr\u00e9-candidatos. Sigo como um soldado da democracia, estimulando a composi\u00e7\u00e3o para romper a polariza\u00e7\u00e3o politica&#8221;<\/em><\/strong>, disse Moro pelo Twitter.<\/p>\n\n\n\n<p>O\u00a0Uni\u00e3o Brasil\u00a0ainda n\u00e3o decidiu qual cargo Moro ir\u00e1 disputar nas elei\u00e7\u00f5es de 2022.<\/p>\n\n\n\n<p><strong>Terceira via<\/strong><\/p>\n\n\n\n<p>Na semana passada, o\u00a0MDB\u00a0reiterou o nome da senadora\u00a0Simone Tebet\u00a0(MS) como\u00a0pr\u00e9-candidata do partido\u00a0ao Pal\u00e1cio do Planalto. O\u00a0Cidadania\u00a0apoia a senadora, que ainda busca convencer o\u00a0PSDB\u00a0a\u00a0tamb\u00e9m apoi\u00e1-la.<\/p>\n\n\n\n<p>At\u00e9 ent\u00e3o pr\u00e9-candidato do partido,\u00a0Jo\u00e3o Doria,\u00a0desistiu da disputa\u00a0por\u00a0n\u00e3o contar o apoio da pr\u00f3pria legenda.<\/p>\n\n\n\n<p>Questionado por jornalistas se o lan\u00e7amento de sua pr\u00e9-candidatura e a sa\u00edda das negocia\u00e7\u00f5es com o\u00a0MDB,\u00a0PSDB\u00a0e\u00a0Cidadania\u00a0poderiam ajudar a elei\u00e7\u00e3o de Bolsonaro, Bivar disse que o partido \u00e9 &#8220;independente&#8221; e que o\u00a0Uni\u00e3o Brasil\u00a0est\u00e1 tentando <strong><em>&#8220;apresentar uma alternativa ao que est\u00e1 a\u00ed posto&#8221;<\/em><\/strong>.<\/p>\n\n\n\n<p>&#8220;O\u00a0Uni\u00e3o Brasil\u00a0\u00e9 independente. Estamos aqui para apresentar uma alternativa ao que est\u00e1 a\u00ed posto. Esse \u00e9 o sentimento que n\u00f3s temos e \u00e9 definitivo&#8221;, disse o pr\u00e9-candidato.<\/p>\n\n\n\n<p>&#8220;O que n\u00f3s entendemos \u00e9 que o\u00a0Uni\u00e3o Brasil\u00a0\u00e9 o \u00fanico partido que est\u00e1 unido em torno de sua pr\u00e9-candidatura. Outros partidos n\u00e3o est\u00e3o. Mas o meu sentimento \u00e9 de que eles n\u00e3o estar\u00e3o at\u00e9 agosto. Ou n\u00f3s fazemos agora ou, realmente, n\u00e3o teremos condi\u00e7\u00f5es de chegar a agosto&#8221;, afirmou Bivar.<\/p>\n\n\n\n<p>Segundo a\u00a0pesquisa Datafolha\u00a0mais recente, divulgada no \u00faltimo dia 26, o ex-presidente\u00a0Lula\u00a0(PT) lidera com 48% das inten\u00e7\u00f5es de voto, seguido pelo presidente\u00a0Jair Bolsonaro\u00a0(PL), com 27%;\u00a0Ciro Gomes\u00a0(PDT), com 7%; Andr\u00e9 Janones (Avante), com 2%; e\u00a0Simone Tebet\u00a0(MDB), com 2%.<\/p>\n\n\n\n<p>Conforme o levantamento,\u00a0Luciano Bivar n\u00e3o pontuou.<\/p>\n\n\n\n<p>O prazo para que os candidatos sejam definidos pelos partidos em conven\u00e7\u00f5es eleitorais vai&nbsp;<strong>de 20 de julho a 5 de agosto<\/strong>. O registro das candidaturas poder\u00e1 ser feito<strong>&nbsp;at\u00e9 15 de agosto<\/strong>.<\/p>\n\n\n\n<p><strong>Quem \u00e9 Luciano Bivar<\/strong><\/p>\n\n\n\n<p>Pernambucano, Luciano Bivar \u00e9 o atual presidente nacional do\u00a0Uni\u00e3o Brasil. Tem 77 anos e \u00e9 formado em Direito. Ingressou na pol\u00edtica na d\u00e9cada de 90 ao se filiar ao\u00a0PL. Antes, presidia o Sport Clube Recife, cargo que ocupou por seis vezes at\u00e9 2014.<\/p>\n\n\n\n<p>A primeira elei\u00e7\u00e3o disputada por Bivar foi em 1992. Ele concorreu ao cargo de prefeito de Recife (PE) e ficou em \u00faltimo na disputa com menos de 6 mil votos.<\/p>\n\n\n\n<p>Em 1997, Bivar trocou de legenda e entrou no rec\u00e9m-criado\u00a0PSL. No ano seguinte, tornou-se presidente da sigla e, pela primeira vez, foi eleito a um cargo eletivo. Bivar foi o primeiro deputado federal eleito pelo partido. Em 2002, disputou como suplente na tentativa de reelei\u00e7\u00e3o de Carlos Wilson ao Senado, que n\u00e3o foi eleito.<\/p>\n\n\n\n<p>Candidatou-se a presidente em 2006, quando ficou em \u00faltimo lugar, com 0,06% dos votos v\u00e1lidos. Em 2014, foi eleito suplente de deputado federal por Pernambuco. Assumiu o cargo em 2017.<\/p>\n\n\n\n<p>No ano seguinte, abriu o\u00a0PSL\u00a0para abrigar aliados do ent\u00e3o deputado federal\u00a0Jair Bolsonaro. Com a elei\u00e7\u00e3o de Bolsonaro \u00e0 Presid\u00eancia, o\u00a0PSL\u00a0inflou e elegeu, pela primeira vez, mais de um deputado federal. Entre eles, o pr\u00f3prio Luciano Bivar.<\/p>\n\n\n\n<p>A alian\u00e7a com Bolsonaro foi encerrada em novembro de 2019 em meio a disputas pelo comando da legenda entre Bivar e a ala bolsonarista. Em 2021, encabe\u00e7ou as negocia\u00e7\u00f5es para unir, por meio de fus\u00e3o, o\u00a0PSL\u00a0e o\u00a0DEM.<\/p>\n\n\n\n<p><em>Fonte: G1<\/em><\/p>\n","protected":false},"excerpt":{"rendered":"<p>Se confirmado pelo partido, Bivar disputar\u00e1 mandato pela 2\u00aa vez. Partido chegou a articular candidatura \u00fanica com MDB, PSDB e Cidadania, mas deixou grupo para ter candidatura pr\u00f3pria.<\/p>\n","protected":false},"author":2,"featured_media":43020,"comment_status":"open","ping_status":"open","sticky":false,"template":"","format":"standard","meta":{"om_disable_all_campaigns":false,"_monsterinsights_skip_tracking":false,"_monsterinsights_sitenote_active":false,"_monsterinsights_sitenote_note":"","_monsterinsights_sitenote_category":0,"footnotes":""},"categories":[34,70,69,21],"tags":[93,5437,199,3004,1152,4967],"class_list":["post-43018","post","type-post","status-publish","format-standard","has-post-thumbnail","hentry","category-brasil","category-destaques","category-noticias2","category-politica","tag-brasil","tag-luciano-bivar","tag-politica","tag-pre-candidato","tag-presidente-da-republica","tag-uniao-brasil"],"aioseo_notices":[],"_links":{"self":[{"href":"https:\/\/www.portalalerta.com.br\/index.php\/wp-json\/wp\/v2\/posts\/43018","targetHints":{"allow":["GET"]}}],"collection":[{"href":"https:\/\/www.portalalerta.com.br\/index.php\/wp-json\/wp\/v2\/posts"}],"about":[{"href":"https:\/\/www.portalalerta.com.br\/index.php\/wp-json\/wp\/v2\/types\/post"}],"author":[{"embeddable":true,"href":"https:\/\/www.portalalerta.com.br\/index.php\/wp-json\/wp\/v2\/users\/2"}],"replies":[{"embeddable":true,"href":"https:\/\/www.portalalerta.com.br\/index.php\/wp-json\/wp\/v2\/comments?post=43018"}],"version-history":[{"count":1,"href":"https:\/\/www.portalalerta.com.br\/index.php\/wp-json\/wp\/v2\/posts\/43018\/revisions"}],"predecessor-version":[{"id":43021,"href":"https:\/\/www.portalalerta.com.br\/index.php\/wp-json\/wp\/v2\/posts\/43018\/revisions\/43021"}],"wp:featuredmedia":[{"embeddable":true,"href":"https:\/\/www.portalalerta.com.br\/index.php\/wp-json\/wp\/v2\/media\/43020"}],"wp:attachment":[{"href":"https:\/\/www.portalalerta.com.br\/index.php\/wp-json\/wp\/v2\/media?parent=43018"}],"wp:term":[{"taxonomy":"category","embeddable":true,"href":"https:\/\/www.portalalerta.com.br\/index.php\/wp-json\/wp\/v2\/categories?post=43018"},{"taxonomy":"post_tag","embeddable":true,"href":"https:\/\/www.portalalerta.com.br\/index.php\/wp-json\/wp\/v2\/tags?post=43018"}],"curies":[{"name":"wp","href":"https:\/\/api.w.org\/{rel}","templated":true}]}}