{"id":43022,"date":"2022-06-01T18:01:00","date_gmt":"2022-06-01T21:01:00","guid":{"rendered":"https:\/\/www.portalalerta.com.br\/?p=43022"},"modified":"2022-06-01T15:58:01","modified_gmt":"2022-06-01T18:58:01","slug":"sem-posicionamento-da-camara-de-vereadores-festejos-juninos-de-ribeira-do-amparo-ba-estao-ameacados","status":"publish","type":"post","link":"https:\/\/www.portalalerta.com.br\/index.php\/2022\/06\/01\/sem-posicionamento-da-camara-de-vereadores-festejos-juninos-de-ribeira-do-amparo-ba-estao-ameacados\/","title":{"rendered":"Sem posicionamento da C\u00e2mara de vereadores, festejos juninos de Ribeira do Amparo-BA est\u00e3o amea\u00e7ados"},"content":{"rendered":"\n<p>Com o plen\u00e1rio lotado, principalmente de jovens, a C\u00e2mara de Vereadores de Ribeira do Amparo-BA se reuniu nesta ter\u00e7a-feira (31) tendo cono pauta o pedido de Suplementa\u00e7\u00e3o Or\u00e7amentaria de 35% do Or\u00e7amento de 2022 protocolado pelo Executivo.<\/p>\n\n\n\n<!--more-->\n\n\n\n<div class=\"wp-block-image\"><figure class=\"aligncenter size-full\"><img fetchpriority=\"high\" decoding=\"async\" width=\"720\" height=\"181\" src=\"https:\/\/www.portalalerta.com.br\/wp-content\/uploads\/2018\/02\/Auto-Escola-Nobre.jpg\" alt=\"\" class=\"wp-image-4869\" srcset=\"https:\/\/www.portalalerta.com.br\/wp-content\/uploads\/2018\/02\/Auto-Escola-Nobre.jpg 720w, https:\/\/www.portalalerta.com.br\/wp-content\/uploads\/2018\/02\/Auto-Escola-Nobre-260x65.jpg 260w, https:\/\/www.portalalerta.com.br\/wp-content\/uploads\/2018\/02\/Auto-Escola-Nobre-50x13.jpg 50w, https:\/\/www.portalalerta.com.br\/wp-content\/uploads\/2018\/02\/Auto-Escola-Nobre-150x38.jpg 150w\" sizes=\"(max-width: 720px) 100vw, 720px\" \/><\/figure><\/div>\n\n\n\n<p>Os debates aconteceram em torno dos recursos para a realiza\u00e7\u00e3o das festas juninas do Raspador e Ribeira do Amparo. A Prefeitura tem os recursos mais n\u00e3o tem or\u00e7amento para pagar as despesas com os eventos.<\/p>\n\n\n\n<p>Sem previs\u00e3o de vota\u00e7\u00e3o, j\u00e1 que os vereadores de oposi\u00e7\u00e3o derrubaram o pedido de <strong>&#8220;urg\u00eancia, urgent\u00edssima&#8221;<\/strong> para tramita\u00e7\u00e3o do referido pedido, os festejos juninos da cidade est\u00e3o correndo risco de acontecerem. Na C\u00e3mara Amparense, cinco vereadores s\u00e3o oposi\u00e7\u00e3o, e quatro s\u00e3o situa\u00e7\u00e3o.<\/p>\n\n\n\n<p><em>Fonte: Joilson Costa<\/em><\/p>\n","protected":false},"excerpt":{"rendered":"<p>Com o plen\u00e1rio lotado, principalmente de jovens, a C\u00e2mara de Vereadores de Ribeira do Amparo-BA se reuniu nesta ter\u00e7a-feira (31) tendo cono pauta o pedido de Suplementa\u00e7\u00e3o Or\u00e7amentaria de 35% do Or\u00e7amento de 2022 protocolado pelo Executivo.<\/p>\n","protected":false},"author":2,"featured_media":43023,"comment_status":"open","ping_status":"open","sticky":false,"template":"","format":"standard","meta":{"om_disable_all_campaigns":false,"_monsterinsights_skip_tracking":false,"_monsterinsights_sitenote_active":false,"_monsterinsights_sitenote_note":"","_monsterinsights_sitenote_category":0,"footnotes":""},"categories":[70,36,69,21,16],"tags":[211,344,646,293,199,88,1071],"class_list":["post-43022","post","type-post","status-publish","format-standard","has-post-thumbnail","hentry","category-destaques","category-lazer","category-noticias2","category-politica","category-ribeira-do-amparo","tag-camara-de-vereadores","tag-festa","tag-oposicao","tag-orcamento","tag-politica","tag-ribeira-do-amparo","tag-sao-joao"],"aioseo_notices":[],"_links":{"self":[{"href":"https:\/\/www.portalalerta.com.br\/index.php\/wp-json\/wp\/v2\/posts\/43022","targetHints":{"allow":["GET"]}}],"collection":[{"href":"https:\/\/www.portalalerta.com.br\/index.php\/wp-json\/wp\/v2\/posts"}],"about":[{"href":"https:\/\/www.portalalerta.com.br\/index.php\/wp-json\/wp\/v2\/types\/post"}],"author":[{"embeddable":true,"href":"https:\/\/www.portalalerta.com.br\/index.php\/wp-json\/wp\/v2\/users\/2"}],"replies":[{"embeddable":true,"href":"https:\/\/www.portalalerta.com.br\/index.php\/wp-json\/wp\/v2\/comments?post=43022"}],"version-history":[{"count":1,"href":"https:\/\/www.portalalerta.com.br\/index.php\/wp-json\/wp\/v2\/posts\/43022\/revisions"}],"predecessor-version":[{"id":43024,"href":"https:\/\/www.portalalerta.com.br\/index.php\/wp-json\/wp\/v2\/posts\/43022\/revisions\/43024"}],"wp:featuredmedia":[{"embeddable":true,"href":"https:\/\/www.portalalerta.com.br\/index.php\/wp-json\/wp\/v2\/media\/43023"}],"wp:attachment":[{"href":"https:\/\/www.portalalerta.com.br\/index.php\/wp-json\/wp\/v2\/media?parent=43022"}],"wp:term":[{"taxonomy":"category","embeddable":true,"href":"https:\/\/www.portalalerta.com.br\/index.php\/wp-json\/wp\/v2\/categories?post=43022"},{"taxonomy":"post_tag","embeddable":true,"href":"https:\/\/www.portalalerta.com.br\/index.php\/wp-json\/wp\/v2\/tags?post=43022"}],"curies":[{"name":"wp","href":"https:\/\/api.w.org\/{rel}","templated":true}]}}