{"id":43025,"date":"2022-06-01T18:02:00","date_gmt":"2022-06-01T21:02:00","guid":{"rendered":"https:\/\/www.portalalerta.com.br\/?p=43025"},"modified":"2022-06-01T16:05:49","modified_gmt":"2022-06-01T19:05:49","slug":"comite-cientifico-de-sp-recomenda-volta-da-mascara-a-ambientes-fechados","status":"publish","type":"post","link":"https:\/\/www.portalalerta.com.br\/index.php\/2022\/06\/01\/comite-cientifico-de-sp-recomenda-volta-da-mascara-a-ambientes-fechados\/","title":{"rendered":"Comit\u00ea cient\u00edfico de SP recomenda volta da m\u00e1scara a ambientes fechados"},"content":{"rendered":"\n<p><strong>Orienta\u00e7\u00e3o contra o crescimento da Covid-19 no estado n\u00e3o tem car\u00e1ter obrigat\u00f3rio e ainda \u00e9 discutida pelo governo paulista<\/strong><\/p>\n\n\n\n<!--more-->\n\n\n\n<p>O Comit\u00ea Cient\u00edfico de S\u00e3o Paulo recomendou ao governo estadual que oriente a popula\u00e7\u00e3o a voltar a usar m\u00e1scara em ambientes fechados, contra o aumento do n\u00famero de casos e interna\u00e7\u00f5es por conta da Covid-19. A orienta\u00e7\u00e3o n\u00e3o tem car\u00e1ter obrigat\u00f3rio e ainda \u00e9 discutida pelo gest\u00e3o Garcia (PSDB).&nbsp;&nbsp;<\/p>\n\n\n\n<div class=\"wp-block-image\"><figure class=\"alignleft size-large is-resized\"><img fetchpriority=\"high\" decoding=\"async\" src=\"https:\/\/www.portalalerta.com.br\/wp-content\/uploads\/2022\/03\/Real-Calcados-Estilo-e-Moda-para-Voce-1024x459.jpeg\" alt=\"\" class=\"wp-image-41407\" width=\"397\" height=\"178\"\/><\/figure><\/div>\n\n\n\n<p>O estado\u00a0decretou o fim da obrigatoriedade do uso de m\u00e1scara em ambientes fechados\u00a0na metade de mar\u00e7o, depois de registrar queda no n\u00famero de interna\u00e7\u00f5es em UTIs (unidades de terapia intensiva) e enfermaria por seis semanas seguidas. As exce\u00e7\u00f5es foram o transporte p\u00fablico e os locais com servi\u00e7os de sa\u00fade\u00a0\u2013 ambientes em que a prote\u00e7\u00e3o ainda \u00e9 obrigat\u00f3ria. O uso do equipamento foi institu\u00eddo pela primeira vez em ambientes fechados e abertos\u00a0em maio de 2020.<\/p>\n\n\n\n<p>O n\u00famero de casos de Covid-19 cresce desde abril no estado de S\u00e3o Paulo, o que j\u00e1 se reflete no n\u00famero de interna\u00e7\u00f5es na capital paulista, que saltou de 56 para 197 no \u00faltimo m\u00eas\u00a0\u2013 um\u00a0aumento de 251%. Apesar da alta, o n\u00famero ainda est\u00e1 bem abaixo do registrado no pico deste ano, em 30 de janeiro, quando o surto da\u00a0variante \u00d4micron provocou 873 interna\u00e7\u00f5es.<\/p>\n\n\n\n<p>Em meio ao aumento, o estado de S\u00e3o Paulo come\u00e7ou nesta segunda-feira (30) a aplicar a\u00a0terceira dose da vacina em adolescentes\u00a0dos 12 aos 17 anos, para ampliar a parcela da popula\u00e7\u00e3o com o refor\u00e7o do imunizante.<\/p>\n\n\n\n<p>O efeito tamb\u00e9m \u00e9 sentido pelo pa\u00eds, o que j\u00e1 impulsionou a retomada das recomenda\u00e7\u00f5es de uso de m\u00e1scara em locais fechados e nas escolas\u00a0de diversos munic\u00edpios, como Curitiba (PR), S\u00e3o Bernardo do Campo, Santo Andr\u00e9 e S\u00e3o Caetano do Sul (SP).<\/p>\n\n\n\n<p>De acordo com o painel de acompanhamento da Covid-19 do Conass (Conselho Nacional de Secret\u00e1rios de Sa\u00fade), os\u00a0166.777 casos confirmados no Brasil na semana entre 22 e 28 de maio\u00a0representam a maior taxa em dois meses. A \u00faltima alta foi registrada de 20 a 26 de mar\u00e7o \u2013 nesse per\u00edodo, foram confirmados 214.913 casos.\u00a0<\/p>\n\n\n\n<p><em>Fonte: R7<\/em><\/p>\n","protected":false},"excerpt":{"rendered":"<p>Orienta\u00e7\u00e3o contra o crescimento da Covid-19 no estado n\u00e3o tem car\u00e1ter obrigat\u00f3rio e ainda \u00e9 discutida pelo governo paulista<\/p>\n","protected":false},"author":2,"featured_media":43026,"comment_status":"open","ping_status":"open","sticky":false,"template":"","format":"standard","meta":{"om_disable_all_campaigns":false,"_monsterinsights_skip_tracking":false,"_monsterinsights_sitenote_active":false,"_monsterinsights_sitenote_note":"","_monsterinsights_sitenote_category":0,"footnotes":""},"categories":[34,70,69,19],"tags":[93,3429,3486,3536,404,61],"class_list":["post-43025","post","type-post","status-publish","format-standard","has-post-thumbnail","hentry","category-brasil","category-destaques","category-noticias2","category-saude","tag-brasil","tag-coronavirus","tag-covid-19","tag-mascaras-de-protecao","tag-sao-paulo","tag-saude"],"aioseo_notices":[],"_links":{"self":[{"href":"https:\/\/www.portalalerta.com.br\/index.php\/wp-json\/wp\/v2\/posts\/43025","targetHints":{"allow":["GET"]}}],"collection":[{"href":"https:\/\/www.portalalerta.com.br\/index.php\/wp-json\/wp\/v2\/posts"}],"about":[{"href":"https:\/\/www.portalalerta.com.br\/index.php\/wp-json\/wp\/v2\/types\/post"}],"author":[{"embeddable":true,"href":"https:\/\/www.portalalerta.com.br\/index.php\/wp-json\/wp\/v2\/users\/2"}],"replies":[{"embeddable":true,"href":"https:\/\/www.portalalerta.com.br\/index.php\/wp-json\/wp\/v2\/comments?post=43025"}],"version-history":[{"count":1,"href":"https:\/\/www.portalalerta.com.br\/index.php\/wp-json\/wp\/v2\/posts\/43025\/revisions"}],"predecessor-version":[{"id":43027,"href":"https:\/\/www.portalalerta.com.br\/index.php\/wp-json\/wp\/v2\/posts\/43025\/revisions\/43027"}],"wp:featuredmedia":[{"embeddable":true,"href":"https:\/\/www.portalalerta.com.br\/index.php\/wp-json\/wp\/v2\/media\/43026"}],"wp:attachment":[{"href":"https:\/\/www.portalalerta.com.br\/index.php\/wp-json\/wp\/v2\/media?parent=43025"}],"wp:term":[{"taxonomy":"category","embeddable":true,"href":"https:\/\/www.portalalerta.com.br\/index.php\/wp-json\/wp\/v2\/categories?post=43025"},{"taxonomy":"post_tag","embeddable":true,"href":"https:\/\/www.portalalerta.com.br\/index.php\/wp-json\/wp\/v2\/tags?post=43025"}],"curies":[{"name":"wp","href":"https:\/\/api.w.org\/{rel}","templated":true}]}}