{"id":43066,"date":"2022-06-03T20:22:04","date_gmt":"2022-06-03T23:22:04","guid":{"rendered":"https:\/\/www.portalalerta.com.br\/?p=43066"},"modified":"2022-06-03T20:22:05","modified_gmt":"2022-06-03T23:22:05","slug":"campanha-do-agasalho-em-olindina-ba","status":"publish","type":"post","link":"https:\/\/www.portalalerta.com.br\/index.php\/2022\/06\/03\/campanha-do-agasalho-em-olindina-ba\/","title":{"rendered":"Campanha do Agasalho em Olindina-BA"},"content":{"rendered":"\n<p>O inverno est\u00e1 chegando, e com ele \u00e9 esperado um clima mais frio, aumentando a preocupa\u00e7\u00e3o com as pessoas consideradas desamparadas.<\/p>\n\n\n\n<!--more-->\n\n\n\n<p>Preocupados com estas pessoas, a prefeitura de Olindina-BA, e o 5\u00ba Pelot\u00e3o da Pol\u00edcia Militar\/ Olindina, al\u00e9m de outras entidades, iniciaram a Campanha do Agasalho, que tem como lema: <strong><em>\u201caque\u00e7a o inverno de quem mais precisa\u201d<\/em><\/strong>.<\/p>\n\n\n\n<div class=\"wp-block-image\"><figure class=\"aligncenter size-full\"><img fetchpriority=\"high\" decoding=\"async\" width=\"720\" height=\"181\" src=\"https:\/\/www.portalalerta.com.br\/wp-content\/uploads\/2018\/02\/Auto-Escola-Nobre.jpg\" alt=\"\" class=\"wp-image-4869\" srcset=\"https:\/\/www.portalalerta.com.br\/wp-content\/uploads\/2018\/02\/Auto-Escola-Nobre.jpg 720w, https:\/\/www.portalalerta.com.br\/wp-content\/uploads\/2018\/02\/Auto-Escola-Nobre-260x65.jpg 260w, https:\/\/www.portalalerta.com.br\/wp-content\/uploads\/2018\/02\/Auto-Escola-Nobre-50x13.jpg 50w, https:\/\/www.portalalerta.com.br\/wp-content\/uploads\/2018\/02\/Auto-Escola-Nobre-150x38.jpg 150w\" sizes=\"(max-width: 720px) 100vw, 720px\" \/><\/figure><\/div>\n\n\n\n<p>Poder\u00e3o ser doados: <strong>roupas, cobertores, e Agasalhos que estejam em bom estado de conserva\u00e7\u00e3o.<\/strong><\/p>\n\n\n\n<p>Pontos de doa\u00e7\u00e3o: <strong>Prefeitura Municipal, Secretaria de Assist\u00eancia Social, Secretaria de Educa\u00e7\u00e3o, Secretaria de Sa\u00fade, Secretaria de Agricultura e Meio Ambiente, Igreja Matriz, Escola Eunice (Nova Mina\u00e7\u00e3o), Associa\u00e7\u00e3o Rural da Dona Maria, Umbuzeiro, e Posto de Combust\u00edvel Imperial<\/strong>.<\/p>\n\n\n\n<p><em>Reda\u00e7\u00e3o: Portal Alerta<\/em><\/p>\n","protected":false},"excerpt":{"rendered":"<p>O inverno est\u00e1 chegando, e com ele \u00e9 esperado um clima mais frio, aumentando a preocupa\u00e7\u00e3o com as pessoas consideradas desamparadas.<\/p>\n","protected":false},"author":2,"featured_media":43067,"comment_status":"open","ping_status":"open","sticky":false,"template":"","format":"standard","meta":{"om_disable_all_campaigns":false,"_monsterinsights_skip_tracking":false,"_monsterinsights_sitenote_active":false,"_monsterinsights_sitenote_note":"","_monsterinsights_sitenote_category":0,"footnotes":""},"categories":[70,69,15,32],"tags":[2921,5441,120,79,145,4890],"class_list":["post-43066","post","type-post","status-publish","format-standard","has-post-thumbnail","hentry","category-destaques","category-noticias2","category-olindina","category-regiao","tag-campanha-do-agasalho","tag-inverno","tag-olindina","tag-policia-militar","tag-prefeitura","tag-prefeitura-municipal"],"aioseo_notices":[],"_links":{"self":[{"href":"https:\/\/www.portalalerta.com.br\/index.php\/wp-json\/wp\/v2\/posts\/43066","targetHints":{"allow":["GET"]}}],"collection":[{"href":"https:\/\/www.portalalerta.com.br\/index.php\/wp-json\/wp\/v2\/posts"}],"about":[{"href":"https:\/\/www.portalalerta.com.br\/index.php\/wp-json\/wp\/v2\/types\/post"}],"author":[{"embeddable":true,"href":"https:\/\/www.portalalerta.com.br\/index.php\/wp-json\/wp\/v2\/users\/2"}],"replies":[{"embeddable":true,"href":"https:\/\/www.portalalerta.com.br\/index.php\/wp-json\/wp\/v2\/comments?post=43066"}],"version-history":[{"count":1,"href":"https:\/\/www.portalalerta.com.br\/index.php\/wp-json\/wp\/v2\/posts\/43066\/revisions"}],"predecessor-version":[{"id":43068,"href":"https:\/\/www.portalalerta.com.br\/index.php\/wp-json\/wp\/v2\/posts\/43066\/revisions\/43068"}],"wp:featuredmedia":[{"embeddable":true,"href":"https:\/\/www.portalalerta.com.br\/index.php\/wp-json\/wp\/v2\/media\/43067"}],"wp:attachment":[{"href":"https:\/\/www.portalalerta.com.br\/index.php\/wp-json\/wp\/v2\/media?parent=43066"}],"wp:term":[{"taxonomy":"category","embeddable":true,"href":"https:\/\/www.portalalerta.com.br\/index.php\/wp-json\/wp\/v2\/categories?post=43066"},{"taxonomy":"post_tag","embeddable":true,"href":"https:\/\/www.portalalerta.com.br\/index.php\/wp-json\/wp\/v2\/tags?post=43066"}],"curies":[{"name":"wp","href":"https:\/\/api.w.org\/{rel}","templated":true}]}}