{"id":43069,"date":"2022-06-03T20:29:56","date_gmt":"2022-06-03T23:29:56","guid":{"rendered":"https:\/\/www.portalalerta.com.br\/?p=43069"},"modified":"2022-06-03T20:29:57","modified_gmt":"2022-06-03T23:29:57","slug":"sem-doria-lula-tem-45-das-intencoes-de-voto-e-bolsonaro-34-aponta-pesquisa-ipespe","status":"publish","type":"post","link":"https:\/\/www.portalalerta.com.br\/index.php\/2022\/06\/03\/sem-doria-lula-tem-45-das-intencoes-de-voto-e-bolsonaro-34-aponta-pesquisa-ipespe\/","title":{"rendered":"Sem Doria, Lula tem 45% das inten\u00e7\u00f5es de voto, e Bolsonaro 34%, aponta pesquisa Ipespe"},"content":{"rendered":"\n<p>Ex-ministro Ciro Gomes (PDT) vem na sequ\u00eancia, com 9% das inten\u00e7\u00f5es de voto<\/p>\n\n\n\n<!--more-->\n\n\n\n<p>Na primeira pesquisa Ipespe sem o nome do ex-governador de S\u00e3o Paulo, Jo\u00e3o Doria (PSDB), o ex-presidente Luiz In\u00e1cio Lula da Silva (PT) lidera a corrida presidencial, com 45% das inten\u00e7\u00f5es de voto na pesquisa estimulada \u2014 quando \u00e9 apresentada uma lista com os nomes dos pr\u00e9-candidatos.<\/p>\n\n\n\n<div class=\"wp-block-image\"><figure class=\"aligncenter size-full\"><img decoding=\"async\" src=\"https:\/\/www.portalalerta.com.br\/wp-content\/uploads\/2022\/06\/Real-Calcados-Sao-Joao-2022.jpg\" alt=\"\" class=\"wp-image-43012\"\/><\/figure><\/div>\n\n\n\n<p>O presidente Jair Bolsonaro (PL) aparece em segundo, com 34%. O ex-ministro Ciro Gomes (PDT) vem na sequ\u00eancia, com 9% das inten\u00e7\u00f5es de voto. J\u00e1 a senadora Simone Tebet (MDB) \u00e9 citada por 3% dos entrevistados. Como a margem de erro \u00e9 de 3,2 pontos percentuais para mais ou para menos, Ciro e Tebet est\u00e3o tecnicamente empatados.<\/p>\n\n\n\n<p>Na sondagem feita pela pesquisa encomendada pela XP Investimentos, o Ipespe entrou em contato por telefone com 1.000 entrevistados, de 16 anos ou mais, entre os dias 30 de maio e 1\u00ba de junho. O n\u00edvel de confian\u00e7a \u00e9 de 95,5%.&nbsp;<\/p>\n\n\n\n<p><em>Fonte: Metro1<\/em><\/p>\n","protected":false},"excerpt":{"rendered":"<p>Ex-ministro Ciro Gomes (PDT) vem na sequ\u00eancia, com 9% das inten\u00e7\u00f5es de voto<\/p>\n","protected":false},"author":2,"featured_media":42293,"comment_status":"open","ping_status":"open","sticky":false,"template":"","format":"standard","meta":{"om_disable_all_campaigns":false,"_monsterinsights_skip_tracking":false,"_monsterinsights_sitenote_active":false,"_monsterinsights_sitenote_note":"","_monsterinsights_sitenote_category":0,"footnotes":""},"categories":[34,70,69,21],"tags":[93,967,3181,1395,303,3871,199,4584],"class_list":["post-43069","post","type-post","status-publish","format-standard","has-post-thumbnail","hentry","category-brasil","category-destaques","category-noticias2","category-politica","tag-brasil","tag-ciro-gomes","tag-eleicoes-2022","tag-jair-bolsonaro","tag-lula","tag-pesquisa-eleitoral","tag-politica","tag-xp-ipespe"],"aioseo_notices":[],"_links":{"self":[{"href":"https:\/\/www.portalalerta.com.br\/index.php\/wp-json\/wp\/v2\/posts\/43069","targetHints":{"allow":["GET"]}}],"collection":[{"href":"https:\/\/www.portalalerta.com.br\/index.php\/wp-json\/wp\/v2\/posts"}],"about":[{"href":"https:\/\/www.portalalerta.com.br\/index.php\/wp-json\/wp\/v2\/types\/post"}],"author":[{"embeddable":true,"href":"https:\/\/www.portalalerta.com.br\/index.php\/wp-json\/wp\/v2\/users\/2"}],"replies":[{"embeddable":true,"href":"https:\/\/www.portalalerta.com.br\/index.php\/wp-json\/wp\/v2\/comments?post=43069"}],"version-history":[{"count":1,"href":"https:\/\/www.portalalerta.com.br\/index.php\/wp-json\/wp\/v2\/posts\/43069\/revisions"}],"predecessor-version":[{"id":43070,"href":"https:\/\/www.portalalerta.com.br\/index.php\/wp-json\/wp\/v2\/posts\/43069\/revisions\/43070"}],"wp:featuredmedia":[{"embeddable":true,"href":"https:\/\/www.portalalerta.com.br\/index.php\/wp-json\/wp\/v2\/media\/42293"}],"wp:attachment":[{"href":"https:\/\/www.portalalerta.com.br\/index.php\/wp-json\/wp\/v2\/media?parent=43069"}],"wp:term":[{"taxonomy":"category","embeddable":true,"href":"https:\/\/www.portalalerta.com.br\/index.php\/wp-json\/wp\/v2\/categories?post=43069"},{"taxonomy":"post_tag","embeddable":true,"href":"https:\/\/www.portalalerta.com.br\/index.php\/wp-json\/wp\/v2\/tags?post=43069"}],"curies":[{"name":"wp","href":"https:\/\/api.w.org\/{rel}","templated":true}]}}