{"id":43071,"date":"2022-06-03T20:44:37","date_gmt":"2022-06-03T23:44:37","guid":{"rendered":"https:\/\/www.portalalerta.com.br\/?p=43071"},"modified":"2022-06-03T20:44:38","modified_gmt":"2022-06-03T23:44:38","slug":"portando-submetralhadora-criminoso-morre-em-confronto-com-a-policia-em-cicero-dantas-ba","status":"publish","type":"post","link":"https:\/\/www.portalalerta.com.br\/index.php\/2022\/06\/03\/portando-submetralhadora-criminoso-morre-em-confronto-com-a-policia-em-cicero-dantas-ba\/","title":{"rendered":"Portando submetralhadora, criminoso morre em confronto com a pol\u00edcia em C\u00edcero Dantas-BA"},"content":{"rendered":"\n<p>Uma a\u00e7\u00e3o conjunta entre policiais civis de C\u00edcero Dantas-BA e militares da CIPE Nordeste, acarretou na morte de um criminoso na \u00faltima quinta-feira (02), em C\u00edcero Dantas-BA.<\/p>\n\n\n\n<!--more-->\n\n\n\n<p><strong><a href=\"https:\/\/www.portalalerta.com.br\/index.php\/2017\/12\/21\/homem-e-preso-com-grande-quantidade-de-drogas-em-cicero-dantas-ba\/\">Luis Antonio Miranda<\/a><\/strong>, 36 anos, acumulava passagens pelas pr\u00e1ticas de roubo, porte ilegal de arma de fogo, e tr\u00e1fico de drogas. Atualmente existia um mandado de pris\u00e3o em aberto em seu desfavor, no qual era acusado de tr\u00e1fico de drogas. Segundo a Secretaria de Seguran\u00e7a P\u00fablica da Bahia, h\u00e1 aproximadamente oito dias o criminoso rompeu a tornozeleira eletr\u00f4nica, passando a ser considerado foragido.<\/p>\n\n\n\n<p>A partir de ent\u00e3o, policiais civis da cidade, passaram a investigar o paradeiro do traficante, o encontrando no final da tarde da \u00faltima quinta-feira, na Travessa Maria Batista, em C\u00edcero Dantas. Lu\u00eds Ant\u00f4nio portava uma submetralhadora cal. 9mm, a qual utilizou para efetuar disparos contra os policias, dando in\u00edcio a um confronto. Alvejado, Lu\u00eds Antonio chegou a ser socorrido para o Hospital Luiz Eduardo Magalh\u00e3es, onde n\u00e3o resistiu e evoluiu a \u00f3bito. Al\u00e9m da arma de fogo contendo cinco muni\u00e7\u00f5es, foram apreendidas 14 por\u00e7\u00f5es de maconha, no local.<\/p>\n\n\n\n<div class=\"wp-block-image\"><figure class=\"aligncenter size-full\"><img fetchpriority=\"high\" decoding=\"async\" width=\"500\" height=\"400\" src=\"https:\/\/www.portalalerta.com.br\/wp-content\/uploads\/2017\/12\/luisantoniodemiranda.jpg\" alt=\"\" class=\"wp-image-3033\" srcset=\"https:\/\/www.portalalerta.com.br\/wp-content\/uploads\/2017\/12\/luisantoniodemiranda.jpg 500w, https:\/\/www.portalalerta.com.br\/wp-content\/uploads\/2017\/12\/luisantoniodemiranda-300x240.jpg 300w, https:\/\/www.portalalerta.com.br\/wp-content\/uploads\/2017\/12\/luisantoniodemiranda-183x146.jpg 183w, https:\/\/www.portalalerta.com.br\/wp-content\/uploads\/2017\/12\/luisantoniodemiranda-50x40.jpg 50w, https:\/\/www.portalalerta.com.br\/wp-content\/uploads\/2017\/12\/luisantoniodemiranda-94x75.jpg 94w\" sizes=\"(max-width: 500px) 100vw, 500px\" \/><figcaption>Luis Antonio portava uma submetralhadora quando <br>morreu em confronto com a pol\u00edcia <\/figcaption><\/figure><\/div>\n\n\n\n<p>De acordo com Dr. Miguel Vieira, delegado da Pol\u00edcia Civil da cidade, o criminoso era <strong><em>\u201cde alta periculosidade e conhecido por aterrorizar pessoas pr\u00f3ximas. J\u00e1 havia amea\u00e7ado a m\u00e3e, o irm\u00e3o e o advogado, sendo que o \u00faltimo, seria por n\u00e3o ter conseguido um pedido de soltura, quando estava preso. At\u00e9 mesmo os policiais que o prenderam anteriormente, foram intimidados pelo foragido\u201d<\/em><\/strong>.<\/p>\n\n\n\n<p><em>Reda\u00e7\u00e3o: Portal Alerta<\/em><\/p>\n\n\n\n<p><em>Com informa\u00e7\u00f5es: SECOM\/ SSP<\/em><\/p>\n","protected":false},"excerpt":{"rendered":"<p>Uma a\u00e7\u00e3o conjunta entre policiais civis de C\u00edcero Dantas-BA e militares da CIPE Nordeste, acarretou na morte de um criminoso na \u00faltima quinta-feira (02), em C\u00edcero Dantas-BA.<\/p>\n","protected":false},"author":2,"featured_media":43072,"comment_status":"open","ping_status":"open","sticky":false,"template":"","format":"standard","meta":{"om_disable_all_campaigns":false,"_monsterinsights_skip_tracking":false,"_monsterinsights_sitenote_active":false,"_monsterinsights_sitenote_note":"","_monsterinsights_sitenote_category":0,"footnotes":""},"categories":[4,70,69,32,22],"tags":[75,167,178,384,169,122,79,83,76],"class_list":["post-43071","post","type-post","status-publish","format-standard","has-post-thumbnail","hentry","category-cicero-dantas","category-destaques","category-noticias2","category-regiao","category-seguranca","tag-cicero-dantas","tag-cipe-nordeste","tag-confronto","tag-foragido","tag-morte","tag-policia-civil","tag-policia-militar","tag-porte-ilegal-de-arma-de-fogo","tag-trafico-de-drogas"],"aioseo_notices":[],"_links":{"self":[{"href":"https:\/\/www.portalalerta.com.br\/index.php\/wp-json\/wp\/v2\/posts\/43071","targetHints":{"allow":["GET"]}}],"collection":[{"href":"https:\/\/www.portalalerta.com.br\/index.php\/wp-json\/wp\/v2\/posts"}],"about":[{"href":"https:\/\/www.portalalerta.com.br\/index.php\/wp-json\/wp\/v2\/types\/post"}],"author":[{"embeddable":true,"href":"https:\/\/www.portalalerta.com.br\/index.php\/wp-json\/wp\/v2\/users\/2"}],"replies":[{"embeddable":true,"href":"https:\/\/www.portalalerta.com.br\/index.php\/wp-json\/wp\/v2\/comments?post=43071"}],"version-history":[{"count":1,"href":"https:\/\/www.portalalerta.com.br\/index.php\/wp-json\/wp\/v2\/posts\/43071\/revisions"}],"predecessor-version":[{"id":43073,"href":"https:\/\/www.portalalerta.com.br\/index.php\/wp-json\/wp\/v2\/posts\/43071\/revisions\/43073"}],"wp:featuredmedia":[{"embeddable":true,"href":"https:\/\/www.portalalerta.com.br\/index.php\/wp-json\/wp\/v2\/media\/43072"}],"wp:attachment":[{"href":"https:\/\/www.portalalerta.com.br\/index.php\/wp-json\/wp\/v2\/media?parent=43071"}],"wp:term":[{"taxonomy":"category","embeddable":true,"href":"https:\/\/www.portalalerta.com.br\/index.php\/wp-json\/wp\/v2\/categories?post=43071"},{"taxonomy":"post_tag","embeddable":true,"href":"https:\/\/www.portalalerta.com.br\/index.php\/wp-json\/wp\/v2\/tags?post=43071"}],"curies":[{"name":"wp","href":"https:\/\/api.w.org\/{rel}","templated":true}]}}