{"id":43083,"date":"2022-06-04T20:38:01","date_gmt":"2022-06-04T23:38:01","guid":{"rendered":"https:\/\/www.portalalerta.com.br\/?p=43083"},"modified":"2022-06-04T21:55:35","modified_gmt":"2022-06-05T00:55:35","slug":"datena-desiste-mais-uma-vez-de-disputar-as-eleicoes","status":"publish","type":"post","link":"https:\/\/www.portalalerta.com.br\/index.php\/2022\/06\/04\/datena-desiste-mais-uma-vez-de-disputar-as-eleicoes\/","title":{"rendered":"Em v\u00eddeos, Datena desiste de candidatura, volta atr\u00e1s e reafirma que concorrer\u00e1 ao Senado"},"content":{"rendered":"\n<p><strong>S\u00e9rie de declara\u00e7\u00f5es foi divulgada neste s\u00e1bado pelo apresentador e virou um dos assuntos mais comentados do Twitter<\/strong><\/p>\n\n\n\n<!--more-->\n\n\n\n<p>O apresentador Jos\u00e9 Luiz Datena publicou um v\u00eddeo em uma rede social do seu programa Brasil Urgente, neste s\u00e1bado, em que sinalizava desistir de sua\u00a0pr\u00e9-candidatura ao Senado por S\u00e3o Paulo\u00a0por <strong><em>&#8220;resist\u00eancias de alguns pol\u00edticos&#8221;<\/em><\/strong> a seu nome. Em seguida, por\u00e9m, desistiu de desistir. Em outro v\u00eddeo publicado logo depois, Datena reafirmou que se mantinha na disputa, amparado pela <strong><em>&#8220;confian\u00e7a do povo de S\u00e3o Paulo e do Brasil&#8221;<\/em><\/strong>. A s\u00e9rie de declara\u00e7\u00f5es virou um dos assuntos mais comentados no Twitter.<\/p>\n\n\n\n<div class=\"wp-block-image\"><figure class=\"alignleft size-full is-resized\"><img fetchpriority=\"high\" decoding=\"async\" src=\"https:\/\/www.portalalerta.com.br\/wp-content\/uploads\/2021\/04\/ELAB.jpg\" alt=\"\" class=\"wp-image-34795\" width=\"431\" height=\"344\" srcset=\"https:\/\/www.portalalerta.com.br\/wp-content\/uploads\/2021\/04\/ELAB.jpg 1000w, https:\/\/www.portalalerta.com.br\/wp-content\/uploads\/2021\/04\/ELAB-300x240.jpg 300w, https:\/\/www.portalalerta.com.br\/wp-content\/uploads\/2021\/04\/ELAB-768x614.jpg 768w, https:\/\/www.portalalerta.com.br\/wp-content\/uploads\/2021\/04\/ELAB-183x146.jpg 183w, https:\/\/www.portalalerta.com.br\/wp-content\/uploads\/2021\/04\/ELAB-50x40.jpg 50w, https:\/\/www.portalalerta.com.br\/wp-content\/uploads\/2021\/04\/ELAB-94x75.jpg 94w\" sizes=\"(max-width: 431px) 100vw, 431px\" \/><\/figure><\/div>\n\n\n\n<p>Datena tem hist\u00f3rico em desistir de concorrer a cargos na pol\u00edtica. Nas tr\u00eas \u00faltimas elei\u00e7\u00f5es, o jornalista se predisp\u00f4s a concorrer a cargos de senador, prefeito e vice-prefeito, mas acabou desistindo das candidaturas.<\/p>\n\n\n\n<p>No primeiro v\u00eddeo, Datena disse que reconsideraria a ideia de se candidatar, sem citar nomes de quem o estaria rejeitando. <strong><em>&#8220;A pol\u00edtica e alguns pol\u00edticos continuam me rejeitando. Por isso, de verdade, eu prefiro continuar representando o povo onde sempre representei. Muito obrigado pelo carinho&#8221;<\/em><\/strong>, afirmou o apresentador do programa Brasil Urgente, da TV Bandeirantes.<\/p>\n\n\n\n<p>No mesmo v\u00eddeo, o apresentador lembrou que continua liderando as pesquisas de inten\u00e7\u00e3o de voto ao Senado e que, pela vontade do povo de S\u00e3o Paulo, seria eleito.<\/p>\n\n\n\n<p><strong><em>&#8220;Meus amigos e minhas amigas. Eu continuo liderando todas as pesquisas de inten\u00e7\u00e3o de voto para o Senado de S\u00e3o Paulo. Significa que hoje o povo de S\u00e3o Paulo me elegeria o seu senador&#8221;<\/em><\/strong>, disse no v\u00eddeo.<\/p>\n\n\n\n<p>Mas em outros dois v\u00eddeos publicados logo ap\u00f3s essa declara\u00e7\u00e3o, o apresentador voltou atr\u00e1s. <strong><em>&#8220;Exatamente pela sua confian\u00e7a, povo de S\u00e3o Paulo, que eu reafirmo a minha pr\u00e9-candidatura ao Senado, ao lado do Tarc\u00edsio de Freitas. Este \u00e9 um recado principalmente a pretensos aliados do presidente que parecem estar fazendo campanha exatamente para o advers\u00e1rio, ou os advers\u00e1rios&#8221;<\/em><\/strong>.<\/p>\n\n\n\n<p>O apresentador deve disputar a elei\u00e7\u00e3o pelo PSC, na chapa para o governo de Tarc\u00edsio de Freitas (Republicanos).<\/p>\n\n\n\n<figure class=\"wp-block-embed is-type-video is-provider-youtube wp-block-embed-youtube wp-embed-aspect-16-9 wp-has-aspect-ratio\"><div class=\"wp-block-embed__wrapper\">\n<iframe title=\"Em 2 horas, Datena desiste e depois reafirma candidatura\" width=\"500\" height=\"281\" src=\"https:\/\/www.youtube.com\/embed\/crthVm0Qr_I?feature=oembed\" frameborder=\"0\" allow=\"accelerometer; autoplay; clipboard-write; encrypted-media; gyroscope; picture-in-picture; web-share\" referrerpolicy=\"strict-origin-when-cross-origin\" allowfullscreen><\/iframe>\n<\/div><figcaption>Cr\u00e9dito: Poder 360<\/figcaption><\/figure>\n\n\n\n<p>A pr\u00e9-candidatura de Datena foi anunciada pelo presidente Jair Bolsonaro (PL) no dia 15 de maio, em S\u00e3o Paulo, durante almo\u00e7o na casa do ex-presidente da Fiesp, Paulo Skaf.<\/p>\n\n\n\n<p>Datena, que esteve presente no almo\u00e7o e discursou aos presentes, afirmou ao GLOBO que s\u00f3 n\u00e3o seria candidato &#8220;se morrer&#8221; ou se Bolsonaro e Tarc\u00edsio desistirem.<\/p>\n\n\n\n<p><em>Fonte: O Globo<\/em><\/p>\n","protected":false},"excerpt":{"rendered":"<p>S\u00e9rie de declara\u00e7\u00f5es foi divulgada neste s\u00e1bado pelo apresentador e virou um dos assuntos mais comentados do Twitter<\/p>\n","protected":false},"author":2,"featured_media":37071,"comment_status":"open","ping_status":"open","sticky":false,"template":"","format":"standard","meta":{"om_disable_all_campaigns":false,"_monsterinsights_skip_tracking":false,"_monsterinsights_sitenote_active":false,"_monsterinsights_sitenote_note":"","_monsterinsights_sitenote_category":0,"footnotes":""},"categories":[34,70,69,21],"tags":[93,876,2536,3181,2106,404,235],"class_list":["post-43083","post","type-post","status-publish","format-standard","has-post-thumbnail","hentry","category-brasil","category-destaques","category-noticias2","category-politica","tag-brasil","tag-candidatura","tag-desistencia","tag-eleicoes-2022","tag-jose-luiz-datena","tag-sao-paulo","tag-senado-federal"],"aioseo_notices":[],"_links":{"self":[{"href":"https:\/\/www.portalalerta.com.br\/index.php\/wp-json\/wp\/v2\/posts\/43083","targetHints":{"allow":["GET"]}}],"collection":[{"href":"https:\/\/www.portalalerta.com.br\/index.php\/wp-json\/wp\/v2\/posts"}],"about":[{"href":"https:\/\/www.portalalerta.com.br\/index.php\/wp-json\/wp\/v2\/types\/post"}],"author":[{"embeddable":true,"href":"https:\/\/www.portalalerta.com.br\/index.php\/wp-json\/wp\/v2\/users\/2"}],"replies":[{"embeddable":true,"href":"https:\/\/www.portalalerta.com.br\/index.php\/wp-json\/wp\/v2\/comments?post=43083"}],"version-history":[{"count":2,"href":"https:\/\/www.portalalerta.com.br\/index.php\/wp-json\/wp\/v2\/posts\/43083\/revisions"}],"predecessor-version":[{"id":43089,"href":"https:\/\/www.portalalerta.com.br\/index.php\/wp-json\/wp\/v2\/posts\/43083\/revisions\/43089"}],"wp:featuredmedia":[{"embeddable":true,"href":"https:\/\/www.portalalerta.com.br\/index.php\/wp-json\/wp\/v2\/media\/37071"}],"wp:attachment":[{"href":"https:\/\/www.portalalerta.com.br\/index.php\/wp-json\/wp\/v2\/media?parent=43083"}],"wp:term":[{"taxonomy":"category","embeddable":true,"href":"https:\/\/www.portalalerta.com.br\/index.php\/wp-json\/wp\/v2\/categories?post=43083"},{"taxonomy":"post_tag","embeddable":true,"href":"https:\/\/www.portalalerta.com.br\/index.php\/wp-json\/wp\/v2\/tags?post=43083"}],"curies":[{"name":"wp","href":"https:\/\/api.w.org\/{rel}","templated":true}]}}