{"id":43093,"date":"2022-06-05T16:36:41","date_gmt":"2022-06-05T19:36:41","guid":{"rendered":"https:\/\/www.portalalerta.com.br\/?p=43093"},"modified":"2022-06-05T16:36:43","modified_gmt":"2022-06-05T19:36:43","slug":"tres-municipios-realizam-novas-eleicoes-neste-domingo","status":"publish","type":"post","link":"https:\/\/www.portalalerta.com.br\/index.php\/2022\/06\/05\/tres-municipios-realizam-novas-eleicoes-neste-domingo\/","title":{"rendered":"Tr\u00eas munic\u00edpios realizam novas elei\u00e7\u00f5es neste domingo"},"content":{"rendered":"\n<p>O domingo est\u00e1 sendo de elei\u00e7\u00f5es para tr\u00eas munic\u00edpios brasileiros: Itapemirim, no Esp\u00edrito Santo; Porto Belo e Presidente Castello Branco, em Santa Catarina. Os eleitores desses munic\u00edpios escolhem neste domingo (5), em elei\u00e7\u00f5es suplementares, quem ser\u00e3o seus prefeitos e vice-prefeitos.<\/p>\n\n\n\n<!--more-->\n\n\n\n<p>O novo pleito se deve a uma determina\u00e7\u00e3o da legisla\u00e7\u00e3o, prevista para casos em que haja cassa\u00e7\u00e3o de mandatos dos titulares dos cargos de forma definitiva por parte da Justi\u00e7a Eleitoral. Os eleitos ocupar\u00e3o o cargo at\u00e9 31 de dezembro de 2024.<\/p>\n\n\n\n<div class=\"wp-block-image\"><figure class=\"aligncenter size-full\"><img decoding=\"async\" src=\"https:\/\/www.portalalerta.com.br\/wp-content\/uploads\/2022\/06\/Real-Calcados-Sao-Joao-2022.jpg\" alt=\"\" class=\"wp-image-43012\"\/><\/figure><\/div>\n\n\n\n<p>De acordo com o Tribunal Superior Eleitoral (TSE), a vota\u00e7\u00e3o ocorrer\u00e1 das 7h \u00e0s 17h na cidade capixaba e das 8h \u00e0s 17h nos munic\u00edpios catarinenses.<\/p>\n\n\n\n<p><strong>Porto Belo<\/strong><\/p>\n\n\n\n<p>Os candidatos \u00e0 prefeitura de Porto Belo s\u00e3o David Jordelino da Silva (PRTB), Joel Orlando Lucinda (MDB) e Rosaura de Oliveira Rodrigues (PT).<\/p>\n\n\n\n<p>Segundo o TSE, a nova elei\u00e7\u00e3o foi marcada <strong><em>\u201cap\u00f3s o prefeito e o vice decidirem renunciar aos cargos para os quais foram eleitos em 2020\u201d<\/em><\/strong>. No caso do prefeito (Emerson Stein), para concorrer a deputado estadual nas elei\u00e7\u00f5es deste ano. J\u00e1 o vice (Elias Cabral) optou por n\u00e3o assumir o comando do munic\u00edpio, para retomar a carreira de servidor na Rede Estadual de Ensino.<\/p>\n\n\n\n<p><strong>Presidente Castello Branco<\/strong><\/p>\n\n\n\n<p>Para o munic\u00edpio de Presidente Castello Branco concorrem, aos cargos de prefeito e vice, os candidatos Vin\u00edcius Zanesco (PSC) e Neiva Kleeman Tonielo (MDB).<\/p>\n\n\n\n<p>O TSE informa que, neste caso, a nova elei\u00e7\u00e3o ocorre porque o Tribunal Regional Eleitoral (TRE) do estado confirmou a cassa\u00e7\u00e3o dos diplomas de Tarcilio Secco e Ademir Pedro Tonielo, eleitos respectivamente prefeito e vice-prefeito em 2020. <strong><em>\u201cEles foram condenados por ofertarem dinheiro a eleitores para n\u00e3o votarem no dia do pleito, pr\u00e1tica proibida por lei\u201d,<\/em><\/strong> informa o TSE.<\/p>\n\n\n\n<p><strong>Itapemirim<\/strong><\/p>\n\n\n\n<p>J\u00e1 para Itapemirim, concorrem aos cargos os candidatos Ant\u00f4nio da Rocha Sales (PP), Nilton C\u00e9sar Soares Santos (PSDB) e Jos\u00e9 de Oliveira Lima (PDT), ap\u00f3s o TSE ter confirmado, em mar\u00e7o, a cassa\u00e7\u00e3o dos mandatos do prefeito Thiago Pe\u00e7anha Soares, e do vice, Nilton Cesar Santos.<\/p>\n\n\n\n<p><strong><em>\u201cEles foram cassados pelo TRE do estado por abuso de poder pol\u00edtico e conduta vedada ap\u00f3s distribui\u00e7\u00e3o gratuita de bens, nomea\u00e7\u00f5es e contrata\u00e7\u00f5es exageradas de servidores comissionados e estagi\u00e1rios, bem como por veicula\u00e7\u00e3o de publicidade institucional em per\u00edodo vedado\u201d,<\/em><\/strong> informou o TSE.<\/p>\n\n\n\n<p><em>Fonte: Canabrava FM<\/em><\/p>\n\n\n\n<p><em>Com informa\u00e7\u00f5es: Ag\u00eancia Brasil<\/em> &nbsp;<\/p>\n","protected":false},"excerpt":{"rendered":"<p>O domingo est\u00e1 sendo de elei\u00e7\u00f5es para tr\u00eas munic\u00edpios brasileiros: Itapemirim, no Esp\u00edrito Santo; Porto Belo e Presidente Castello Branco, em Santa Catarina. Os eleitores desses munic\u00edpios escolhem neste domingo (5), em elei\u00e7\u00f5es suplementares, quem ser\u00e3o seus prefeitos e vice-prefeitos.<\/p>\n","protected":false},"author":2,"featured_media":21416,"comment_status":"open","ping_status":"open","sticky":false,"template":"","format":"standard","meta":{"om_disable_all_campaigns":false,"_monsterinsights_skip_tracking":false,"_monsterinsights_sitenote_active":false,"_monsterinsights_sitenote_note":"","_monsterinsights_sitenote_category":0,"footnotes":""},"categories":[34,70,69,21],"tags":[93,381,3181,1349,923,5442,198,735,776,2067],"class_list":["post-43093","post","type-post","status-publish","format-standard","has-post-thumbnail","hentry","category-brasil","category-destaques","category-noticias2","category-politica","tag-brasil","tag-eleicoes","tag-eleicoes-2022","tag-espirito-santo","tag-itapemirim","tag-porto-belo","tag-prefeito","tag-santa-catarina","tag-vice-prefeito","tag-vice-presidente"],"aioseo_notices":[],"_links":{"self":[{"href":"https:\/\/www.portalalerta.com.br\/index.php\/wp-json\/wp\/v2\/posts\/43093","targetHints":{"allow":["GET"]}}],"collection":[{"href":"https:\/\/www.portalalerta.com.br\/index.php\/wp-json\/wp\/v2\/posts"}],"about":[{"href":"https:\/\/www.portalalerta.com.br\/index.php\/wp-json\/wp\/v2\/types\/post"}],"author":[{"embeddable":true,"href":"https:\/\/www.portalalerta.com.br\/index.php\/wp-json\/wp\/v2\/users\/2"}],"replies":[{"embeddable":true,"href":"https:\/\/www.portalalerta.com.br\/index.php\/wp-json\/wp\/v2\/comments?post=43093"}],"version-history":[{"count":1,"href":"https:\/\/www.portalalerta.com.br\/index.php\/wp-json\/wp\/v2\/posts\/43093\/revisions"}],"predecessor-version":[{"id":43094,"href":"https:\/\/www.portalalerta.com.br\/index.php\/wp-json\/wp\/v2\/posts\/43093\/revisions\/43094"}],"wp:featuredmedia":[{"embeddable":true,"href":"https:\/\/www.portalalerta.com.br\/index.php\/wp-json\/wp\/v2\/media\/21416"}],"wp:attachment":[{"href":"https:\/\/www.portalalerta.com.br\/index.php\/wp-json\/wp\/v2\/media?parent=43093"}],"wp:term":[{"taxonomy":"category","embeddable":true,"href":"https:\/\/www.portalalerta.com.br\/index.php\/wp-json\/wp\/v2\/categories?post=43093"},{"taxonomy":"post_tag","embeddable":true,"href":"https:\/\/www.portalalerta.com.br\/index.php\/wp-json\/wp\/v2\/tags?post=43093"}],"curies":[{"name":"wp","href":"https:\/\/api.w.org\/{rel}","templated":true}]}}