{"id":43150,"date":"2022-06-07T17:01:00","date_gmt":"2022-06-07T20:01:00","guid":{"rendered":"https:\/\/www.portalalerta.com.br\/?p=43150"},"modified":"2022-06-06T22:41:34","modified_gmt":"2022-06-07T01:41:34","slug":"bolsonaro-promete-criar-tres-ministerios-caso-seja-reeleito","status":"publish","type":"post","link":"https:\/\/www.portalalerta.com.br\/index.php\/2022\/06\/07\/bolsonaro-promete-criar-tres-ministerios-caso-seja-reeleito\/","title":{"rendered":"Bolsonaro promete criar tr\u00eas minist\u00e9rios caso seja reeleito"},"content":{"rendered":"\n<p>Em 2018, o presidente prometeu que governaria com apenas 15 minist\u00e9rios; hoje s\u00e3o 23 ativos<\/p>\n\n\n\n<!--more-->\n\n\n\n<p>O presidente Jair Bolsonaro (PL) afirmou nesta segunda-feira, 6, que caso seja reeleito para mais um mandato nos pr\u00f3ximos quatro anos pretende criar mais tr\u00eas minist\u00e9rios; Segundo ele, as maiores possibilidades s\u00e3o de recria\u00e7\u00e3o das pastas da Seguran\u00e7a P\u00fablica, da Ind\u00fastria e Com\u00e9rcio e da Pesca.<\/p>\n\n\n\n<p><strong><em>&#8220;Pretendemos, em havendo reelei\u00e7\u00e3o, dividir melhor os minist\u00e9rios, criar no m\u00e1ximo mais tr\u00eas para que possamos melhor administrar nosso pa\u00eds. Pela extens\u00e3o do nosso pa\u00eds, se justifica isso a\u00ed&#8221;<\/em><\/strong>, afirmou Bolsonaro em entrevista ao canal Agromais, do grupo Bandeirantes.<\/p>\n\n\n\n<div class=\"wp-block-image\"><figure class=\"aligncenter size-full\"><img decoding=\"async\" src=\"https:\/\/www.portalalerta.com.br\/wp-content\/uploads\/2022\/06\/Real-Calcados-Sao-Joao-2022.jpg\" alt=\"\" class=\"wp-image-43012\"\/><\/figure><\/div>\n\n\n\n<p>Em sua campanha anterior, Bolsonaro utilizou o discurso de &#8220;enxugar&#8221; o estado e prometeu ter no m\u00e1ximo 15 minist\u00e9rios. A promessa n\u00e3o foi cumprida e o governo federal conta hoje com 23 minist\u00e9rios. Na gest\u00e3o de Michel Temer, eram 29 pastas.&nbsp;<\/p>\n\n\n\n<p>Bolsonaro afirmou que considera <strong><em>&#8220;positivo o reestabelecimento&#8221;<\/em><\/strong> dos minist\u00e9rios da Seguran\u00e7a P\u00fablico e da Ind\u00fastria e Com\u00e9rcio e que <strong><em>&#8220;at\u00e9 a quest\u00e3o da Pesca pode ser estudada&#8221;<\/em><\/strong>. No entanto, a medida n\u00e3o deve ser feita neste ano. <strong><em>&#8220;Agora n\u00e3o porque dependeria de cria\u00e7\u00e3o de cargos e n\u00e3o temos margem, manobra para isso a\u00ed&#8221;<\/em><\/strong>, disse.<\/p>\n\n\n\n<p><em>Fonte: A Tarde<\/em><\/p>\n","protected":false},"excerpt":{"rendered":"<p>Em 2018, o presidente prometeu que governaria com apenas 15 minist\u00e9rios; hoje s\u00e3o 23 ativos<\/p>\n","protected":false},"author":2,"featured_media":23571,"comment_status":"open","ping_status":"open","sticky":false,"template":"","format":"standard","meta":{"om_disable_all_campaigns":false,"_monsterinsights_skip_tracking":false,"_monsterinsights_sitenote_active":false,"_monsterinsights_sitenote_note":"","_monsterinsights_sitenote_category":0,"footnotes":""},"categories":[34,70,69,21],"tags":[93,3181,1395,199],"class_list":["post-43150","post","type-post","status-publish","format-standard","has-post-thumbnail","hentry","category-brasil","category-destaques","category-noticias2","category-politica","tag-brasil","tag-eleicoes-2022","tag-jair-bolsonaro","tag-politica"],"aioseo_notices":[],"_links":{"self":[{"href":"https:\/\/www.portalalerta.com.br\/index.php\/wp-json\/wp\/v2\/posts\/43150","targetHints":{"allow":["GET"]}}],"collection":[{"href":"https:\/\/www.portalalerta.com.br\/index.php\/wp-json\/wp\/v2\/posts"}],"about":[{"href":"https:\/\/www.portalalerta.com.br\/index.php\/wp-json\/wp\/v2\/types\/post"}],"author":[{"embeddable":true,"href":"https:\/\/www.portalalerta.com.br\/index.php\/wp-json\/wp\/v2\/users\/2"}],"replies":[{"embeddable":true,"href":"https:\/\/www.portalalerta.com.br\/index.php\/wp-json\/wp\/v2\/comments?post=43150"}],"version-history":[{"count":1,"href":"https:\/\/www.portalalerta.com.br\/index.php\/wp-json\/wp\/v2\/posts\/43150\/revisions"}],"predecessor-version":[{"id":43151,"href":"https:\/\/www.portalalerta.com.br\/index.php\/wp-json\/wp\/v2\/posts\/43150\/revisions\/43151"}],"wp:featuredmedia":[{"embeddable":true,"href":"https:\/\/www.portalalerta.com.br\/index.php\/wp-json\/wp\/v2\/media\/23571"}],"wp:attachment":[{"href":"https:\/\/www.portalalerta.com.br\/index.php\/wp-json\/wp\/v2\/media?parent=43150"}],"wp:term":[{"taxonomy":"category","embeddable":true,"href":"https:\/\/www.portalalerta.com.br\/index.php\/wp-json\/wp\/v2\/categories?post=43150"},{"taxonomy":"post_tag","embeddable":true,"href":"https:\/\/www.portalalerta.com.br\/index.php\/wp-json\/wp\/v2\/tags?post=43150"}],"curies":[{"name":"wp","href":"https:\/\/api.w.org\/{rel}","templated":true}]}}