{"id":43176,"date":"2022-06-11T14:41:41","date_gmt":"2022-06-11T17:41:41","guid":{"rendered":"https:\/\/www.portalalerta.com.br\/?p=43176"},"modified":"2022-06-11T14:41:42","modified_gmt":"2022-06-11T17:41:42","slug":"homem-morre-ao-sofrer-descarga-eletrica-em-adustina-ba","status":"publish","type":"post","link":"https:\/\/www.portalalerta.com.br\/index.php\/2022\/06\/11\/homem-morre-ao-sofrer-descarga-eletrica-em-adustina-ba\/","title":{"rendered":"Homem morre ao sofrer descarga el\u00e9trica, em Adustina-BA"},"content":{"rendered":"\n<p>No in\u00edcio da tarde da \u00faltima quinta-feira (09), um homem foi v\u00edtima de um choque el\u00e9trico em Adustina-BA.<\/p>\n\n\n\n<!--more-->\n\n\n\n<p>Segundo relatos, Diony Jesus da Macena, 28 anos, tentava improvisar uma liga\u00e7\u00e3o el\u00e9trica, para funcionar uma makita, quando sofreu a descarga el\u00e9trica, n\u00e3o resistindo e entrando em \u00f3bito ainda no local.<\/p>\n\n\n\n<p>O caso foi informado \u00e0s autoridades locais, que estiveram na Rua Maria Paula de Jesus Santos, centro da cidade, onde aconteceu o acidente. Na ocasi\u00e3o, foi mantido contato com o Departamento de Pol\u00edcia T\u00e9cnica de Euclides da Cunha-BA, para a realiza\u00e7\u00e3o da per\u00edcia, bem como a remo\u00e7\u00e3o do corpo para ser autopsiado.<\/p>\n\n\n\n<p><em>Reda\u00e7\u00e3o: Portal Alerta<\/em><\/p>\n\n\n\n<p><em>Imagem Ilustrativa<\/em><\/p>\n","protected":false},"excerpt":{"rendered":"<p>No in\u00edcio da tarde da \u00faltima quinta-feira (09), um homem foi v\u00edtima de um choque el\u00e9trico em Adustina-BA.<\/p>\n","protected":false},"author":2,"featured_media":43177,"comment_status":"open","ping_status":"open","sticky":false,"template":"","format":"standard","meta":{"om_disable_all_campaigns":false,"_monsterinsights_skip_tracking":false,"_monsterinsights_sitenote_active":false,"_monsterinsights_sitenote_note":"","_monsterinsights_sitenote_category":0,"footnotes":""},"categories":[40,70,69,32],"tags":[100,1710,169],"class_list":["post-43176","post","type-post","status-publish","format-standard","has-post-thumbnail","hentry","category-adustina","category-destaques","category-noticias2","category-regiao","tag-adustina","tag-choque-eletrico","tag-morte"],"aioseo_notices":[],"_links":{"self":[{"href":"https:\/\/www.portalalerta.com.br\/index.php\/wp-json\/wp\/v2\/posts\/43176","targetHints":{"allow":["GET"]}}],"collection":[{"href":"https:\/\/www.portalalerta.com.br\/index.php\/wp-json\/wp\/v2\/posts"}],"about":[{"href":"https:\/\/www.portalalerta.com.br\/index.php\/wp-json\/wp\/v2\/types\/post"}],"author":[{"embeddable":true,"href":"https:\/\/www.portalalerta.com.br\/index.php\/wp-json\/wp\/v2\/users\/2"}],"replies":[{"embeddable":true,"href":"https:\/\/www.portalalerta.com.br\/index.php\/wp-json\/wp\/v2\/comments?post=43176"}],"version-history":[{"count":1,"href":"https:\/\/www.portalalerta.com.br\/index.php\/wp-json\/wp\/v2\/posts\/43176\/revisions"}],"predecessor-version":[{"id":43178,"href":"https:\/\/www.portalalerta.com.br\/index.php\/wp-json\/wp\/v2\/posts\/43176\/revisions\/43178"}],"wp:featuredmedia":[{"embeddable":true,"href":"https:\/\/www.portalalerta.com.br\/index.php\/wp-json\/wp\/v2\/media\/43177"}],"wp:attachment":[{"href":"https:\/\/www.portalalerta.com.br\/index.php\/wp-json\/wp\/v2\/media?parent=43176"}],"wp:term":[{"taxonomy":"category","embeddable":true,"href":"https:\/\/www.portalalerta.com.br\/index.php\/wp-json\/wp\/v2\/categories?post=43176"},{"taxonomy":"post_tag","embeddable":true,"href":"https:\/\/www.portalalerta.com.br\/index.php\/wp-json\/wp\/v2\/tags?post=43176"}],"curies":[{"name":"wp","href":"https:\/\/api.w.org\/{rel}","templated":true}]}}