{"id":43179,"date":"2022-06-11T14:47:03","date_gmt":"2022-06-11T17:47:03","guid":{"rendered":"https:\/\/www.portalalerta.com.br\/?p=43179"},"modified":"2022-06-11T14:47:04","modified_gmt":"2022-06-11T17:47:04","slug":"bahia-ararinhas-azuis-sao-soltas-na-natureza-20-anos-depois-de-extincao","status":"publish","type":"post","link":"https:\/\/www.portalalerta.com.br\/index.php\/2022\/06\/11\/bahia-ararinhas-azuis-sao-soltas-na-natureza-20-anos-depois-de-extincao\/","title":{"rendered":"Bahia: Ararinhas-azuis s\u00e3o soltas na natureza 20 anos depois de extin\u00e7\u00e3o"},"content":{"rendered":"\n<p>Oito ararinhas-azuis (<em>Cyanopsitta spixii<\/em>) ser\u00e3o soltas neste s\u00e1bado (11) em uma \u00e1rea de preserva\u00e7\u00e3o ambiental no interior da Bahia. A esp\u00e9cie \u00e9 considerada extinta na natureza desde o ano 2000, quando desapareceu o \u00faltimo animal selvagem, que era acompanhado por pesquisadores.,<\/p>\n\n\n\n<!--more-->\n\n\n\n<p>As aves que ser\u00e3o soltas &#8211;&nbsp;cinco f\u00eameas e tr\u00eas machos &#8211; fazem&nbsp;parte de um grupo de 52 trazidas&nbsp;de um criadouro da Alemanha para o Brasil, em 2020, com o objetivo de reintroduzir a esp\u00e9cie na natureza.<\/p>\n\n\n\n<p>O coordenador do Plano de A\u00e7\u00e3o Nacional para a Conserva\u00e7\u00e3o da Ararinha-Azul, Antonio Eduardo Barbosa, explica que esse primeiro grupo de oito aves foi escolhido entre os mais aptos a sobreviver na natureza.<\/p>\n\n\n\n<p><strong><em>\u201cS\u00e3o animais sadios, que t\u00eam&nbsp;musculatura de voo, que interagem e que n\u00e3o apresentam&nbsp;comportamento agon\u00edstico, isto \u00e9, que n\u00e3o brigam com outro. S\u00e3o os animais mais aptos para a soltura\u201d.<\/em><\/strong><\/p>\n\n\n\n<div class=\"wp-block-image\"><figure class=\"alignleft size-full is-resized\"><img fetchpriority=\"high\" decoding=\"async\" src=\"https:\/\/www.portalalerta.com.br\/wp-content\/uploads\/2021\/04\/ELAB.jpg\" alt=\"\" class=\"wp-image-34795\" width=\"399\" height=\"318\" srcset=\"https:\/\/www.portalalerta.com.br\/wp-content\/uploads\/2021\/04\/ELAB.jpg 1000w, https:\/\/www.portalalerta.com.br\/wp-content\/uploads\/2021\/04\/ELAB-300x240.jpg 300w, https:\/\/www.portalalerta.com.br\/wp-content\/uploads\/2021\/04\/ELAB-768x614.jpg 768w, https:\/\/www.portalalerta.com.br\/wp-content\/uploads\/2021\/04\/ELAB-183x146.jpg 183w, https:\/\/www.portalalerta.com.br\/wp-content\/uploads\/2021\/04\/ELAB-50x40.jpg 50w, https:\/\/www.portalalerta.com.br\/wp-content\/uploads\/2021\/04\/ELAB-94x75.jpg 94w\" sizes=\"(max-width: 399px) 100vw, 399px\" \/><\/figure><\/div>\n\n\n\n<p>As ararinhas-azuis ser\u00e3o soltas com oito araras-maracan\u00e3 (<em>Primolius maracana<\/em>), esp\u00e9cie com quem dividia o&nbsp;<em>habitat&nbsp;<\/em>natural e que tem h\u00e1bitos semelhantes aos seus.<\/p>\n\n\n\n<p>Nos \u00faltimos dois anos, as ararinhas passaram por processo de adapta\u00e7\u00e3o em um viveiro instalado na cidade de Cura\u00e7\u00e1, na Bahia, que envolveu a redu\u00e7\u00e3o do contato com humanos, o conv\u00edvio com araras-maracan\u00e3, o treinamento do voo, o reconhecimento de predadores e a oferta de alimentos que ser\u00e3o encontrados na natureza.<\/p>\n\n\n\n<p>Para esse projeto de reintrodu\u00e7\u00e3o, foram criadas, em 2018, duas \u00e1reas de preserva\u00e7\u00e3o nos munic\u00edpios de Cura\u00e7\u00e1 e Juazeiro: a \u00c1rea de Prote\u00e7\u00e3o Ambiental (APA) da Ararinha-Azul e o Ref\u00fagio da Vida Silvestre (Revis) da Ararinha-Azul, que, juntas, somam 120 mil hectares.<\/p>\n\n\n\n<p><strong><em>\u201cSer\u00e1 uma soltura branda, como chamamos. A gente abre o recinto, mas quer que as aves permane\u00e7am ali. Ser\u00e1 ofertada alimenta\u00e7\u00e3o suplementar durante um ano, para que elas ainda visitem o recinto. Nessa fase experimental, queremos&nbsp;conhecer a din\u00e2mica que as aves v\u00e3o apresentar\u201d,<\/em><\/strong> explica Barbosa.<\/p>\n\n\n\n<p>Essa primeira soltura servir\u00e1 para que os pesquisadores observem o comportamento da ararinha na natureza, ou seja, os locais que visitam, o que comem etc. Os animais est\u00e3o marcados com anilhas e transmissores, que permitir\u00e3o seu rastreamento por alguns meses.<\/p>\n\n\n\n<p>A proposta \u00e9 soltar mais 12 ararinhas em dezembro deste ano, totalizando 20 aves em liberdade na caatinga. Por enquanto, n\u00e3o h\u00e1 previs\u00e3o do n\u00famero de animais que ser\u00e3o soltos a partir de 2023, mas pelo menos parte deles continuar\u00e1 no viveiro de Cura\u00e7\u00e1 como uma reserva para garantir a sobreviv\u00eancia da esp\u00e9cie, a soltura de novos indiv\u00edduos e a reposi\u00e7\u00e3o das esperadas perdas no ambiente.<\/p>\n\n\n\n<p><strong>Extin\u00e7\u00e3o<\/strong><\/p>\n\n\n\n<p>A ararinha-azul foi descoberta em 1819 e sofreu gradual processo de extin\u00e7\u00e3o na natureza, devido a fatores como a destrui\u00e7\u00e3o do ambiente e a captura para o com\u00e9rcio ilegal de animais silvestres.<\/p>\n\n\n\n<p>Em 1986, a \u00faltima popula\u00e7\u00e3o selvagem conhecida tinha apenas tr\u00eas indiv\u00edduos. O \u00faltimo indiv\u00edduo conhecido, um macho, desapareceu em 2000, decretando-se assim a extin\u00e7\u00e3o da esp\u00e9cie na natureza.<\/p>\n\n\n\n<p>A ararinha s\u00f3 n\u00e3o desapareceu por completo porque havia&nbsp;cerca de 50 indiv\u00edduos vivendo em criadouros espalhados pelo Brasil e o mundo.<\/p>\n\n\n\n<p>Ainda na d\u00e9cada de 90, o governo brasileiro come\u00e7ou um projeto de manejo para reprodu\u00e7\u00e3o desses animais e a negocia\u00e7\u00e3o do retorno, para o pa\u00eds, de parte das aves que estavam no exterior.<\/p>\n\n\n\n<p>O Instituto Chico Mendes de Conserva\u00e7\u00e3o da Biodiversidade (ICMBio) criou, em 2012, um Plano de A\u00e7\u00e3o Nacional (PAN) para aumentar a popula\u00e7\u00e3o cativa, proteger o habitat e promover a reintrodu\u00e7\u00e3o da ararinha-azul.<\/p>\n\n\n\n<p>Em 2016, o criadouro alem\u00e3o Association for the Conservation of Threatend Parrots (ACTP) e o ICMBio lan\u00e7aram o Projeto de Reintrodu\u00e7\u00e3o da Ararinha-azul, que permitiria a repatria\u00e7\u00e3o dos 52 animais quatro anos depois. Hoje, a popula\u00e7\u00e3o mundial de ararinhas \u00e9 de quase 200 indiv\u00edduos, dos quais tr\u00eas nasceram no viveiro de Cura\u00e7\u00e1.<\/p>\n\n\n\n<p><em>Fonte: Ag\u00eancia Brasil<\/em><\/p>\n","protected":false},"excerpt":{"rendered":"<p>Oito ararinhas-azuis (Cyanopsitta spixii) ser\u00e3o soltas neste s\u00e1bado (11) em uma \u00e1rea de preserva\u00e7\u00e3o ambiental no interior da Bahia. A esp\u00e9cie \u00e9 considerada extinta na natureza desde o ano 2000, quando desapareceu o \u00faltimo animal selvagem, que era acompanhado por pesquisadores.,<\/p>\n","protected":false},"author":2,"featured_media":43180,"comment_status":"open","ping_status":"open","sticky":false,"template":"","format":"standard","meta":{"om_disable_all_campaigns":false,"_monsterinsights_skip_tracking":false,"_monsterinsights_sitenote_active":false,"_monsterinsights_sitenote_note":"","_monsterinsights_sitenote_category":0,"footnotes":""},"categories":[33,70,69],"tags":[4566,54,2638,5461,5462],"class_list":["post-43179","post","type-post","status-publish","format-standard","has-post-thumbnail","hentry","category-bahia","category-destaques","category-noticias2","tag-arara-azul","tag-bahia","tag-curaca","tag-extincao","tag-soltura"],"aioseo_notices":[],"_links":{"self":[{"href":"https:\/\/www.portalalerta.com.br\/index.php\/wp-json\/wp\/v2\/posts\/43179","targetHints":{"allow":["GET"]}}],"collection":[{"href":"https:\/\/www.portalalerta.com.br\/index.php\/wp-json\/wp\/v2\/posts"}],"about":[{"href":"https:\/\/www.portalalerta.com.br\/index.php\/wp-json\/wp\/v2\/types\/post"}],"author":[{"embeddable":true,"href":"https:\/\/www.portalalerta.com.br\/index.php\/wp-json\/wp\/v2\/users\/2"}],"replies":[{"embeddable":true,"href":"https:\/\/www.portalalerta.com.br\/index.php\/wp-json\/wp\/v2\/comments?post=43179"}],"version-history":[{"count":1,"href":"https:\/\/www.portalalerta.com.br\/index.php\/wp-json\/wp\/v2\/posts\/43179\/revisions"}],"predecessor-version":[{"id":43181,"href":"https:\/\/www.portalalerta.com.br\/index.php\/wp-json\/wp\/v2\/posts\/43179\/revisions\/43181"}],"wp:featuredmedia":[{"embeddable":true,"href":"https:\/\/www.portalalerta.com.br\/index.php\/wp-json\/wp\/v2\/media\/43180"}],"wp:attachment":[{"href":"https:\/\/www.portalalerta.com.br\/index.php\/wp-json\/wp\/v2\/media?parent=43179"}],"wp:term":[{"taxonomy":"category","embeddable":true,"href":"https:\/\/www.portalalerta.com.br\/index.php\/wp-json\/wp\/v2\/categories?post=43179"},{"taxonomy":"post_tag","embeddable":true,"href":"https:\/\/www.portalalerta.com.br\/index.php\/wp-json\/wp\/v2\/tags?post=43179"}],"curies":[{"name":"wp","href":"https:\/\/api.w.org\/{rel}","templated":true}]}}