{"id":43182,"date":"2022-06-11T19:03:26","date_gmt":"2022-06-11T22:03:26","guid":{"rendered":"https:\/\/www.portalalerta.com.br\/?p=43182"},"modified":"2022-06-11T19:03:27","modified_gmt":"2022-06-11T22:03:27","slug":"praca-da-prefeitura-tambem-sera-area-de-esportes-em-ribeira-do-pombal-ba","status":"publish","type":"post","link":"https:\/\/www.portalalerta.com.br\/index.php\/2022\/06\/11\/praca-da-prefeitura-tambem-sera-area-de-esportes-em-ribeira-do-pombal-ba\/","title":{"rendered":"Pra\u00e7a da Prefeitura tamb\u00e9m ser\u00e1 \u00e1rea de esportes, em Ribeira do Pombal-BA"},"content":{"rendered":"\n<p>O novo projeto de investimento na infraestrutura do munic\u00edpio de Ribeira do Pombal-BA \u00e9 a revitaliza\u00e7\u00e3o da Pra\u00e7a Domingos Ferreira, no bairro Pedro Tiburcio, onde est\u00e1 localizada a sede da Prefeitura. De acordo com o conv\u00eanio assinado entre Prefeitura e o Estado a \u00e1rea ser\u00e1 inteiramente revitalizada.<\/p>\n\n\n\n<!--more-->\n\n\n\n<div class=\"wp-block-image\"><figure class=\"aligncenter size-full\"><img fetchpriority=\"high\" decoding=\"async\" width=\"720\" height=\"181\" src=\"https:\/\/www.portalalerta.com.br\/wp-content\/uploads\/2018\/02\/Auto-Escola-Nobre.jpg\" alt=\"\" class=\"wp-image-4869\" srcset=\"https:\/\/www.portalalerta.com.br\/wp-content\/uploads\/2018\/02\/Auto-Escola-Nobre.jpg 720w, https:\/\/www.portalalerta.com.br\/wp-content\/uploads\/2018\/02\/Auto-Escola-Nobre-260x65.jpg 260w, https:\/\/www.portalalerta.com.br\/wp-content\/uploads\/2018\/02\/Auto-Escola-Nobre-50x13.jpg 50w, https:\/\/www.portalalerta.com.br\/wp-content\/uploads\/2018\/02\/Auto-Escola-Nobre-150x38.jpg 150w\" sizes=\"(max-width: 720px) 100vw, 720px\" \/><\/figure><\/div>\n\n\n\n<p>A ideia \u00e9 transformar a Pra\u00e7a Domingos Ferreira de Brito numa pra\u00e7a de esportes. Para isso ser\u00e3o constru\u00eddos: campo com grama sint\u00e9tica, campo de areia, vesti\u00e1rio, pista de skate, pista de ciclismo e pista de caminhada, al\u00e9m de paisagismo, quiosques e parque infantil.<\/p>\n\n\n\n<p>Ribeira do Pombal j\u00e1 \u00e9 conhecida pelas belas pra\u00e7as e esse \u00e9 mais uma interven\u00e7\u00e3o urban\u00edstica que vai fazer jus \u00e0 caracter\u00edstica de amplos espa\u00e7os de conviv\u00eancia e esporte.<\/p>\n\n\n\n<p><em>Fonte: SECOM\/ Ribeira do Pombal<\/em><\/p>\n","protected":false},"excerpt":{"rendered":"<p>O novo projeto de investimento na infraestrutura do munic\u00edpio de Ribeira do Pombal-BA \u00e9 a revitaliza\u00e7\u00e3o da Pra\u00e7a Domingos Ferreira, no bairro Pedro Tiburcio, onde est\u00e1 localizada a sede da Prefeitura. De acordo com o conv\u00eanio assinado entre Prefeitura e o Estado a \u00e1rea ser\u00e1 inteiramente revitalizada.<\/p>\n","protected":false},"author":2,"featured_media":43183,"comment_status":"open","ping_status":"open","sticky":false,"template":"","format":"standard","meta":{"om_disable_all_campaigns":false,"_monsterinsights_skip_tracking":false,"_monsterinsights_sitenote_active":false,"_monsterinsights_sitenote_note":"","_monsterinsights_sitenote_category":0,"footnotes":""},"categories":[70,69,32,3],"tags":[2597,47],"class_list":["post-43182","post","type-post","status-publish","format-standard","has-post-thumbnail","hentry","category-destaques","category-noticias2","category-regiao","category-ribeira-do-pombal","tag-obras","tag-ribeira-do-pombal"],"aioseo_notices":[],"_links":{"self":[{"href":"https:\/\/www.portalalerta.com.br\/index.php\/wp-json\/wp\/v2\/posts\/43182","targetHints":{"allow":["GET"]}}],"collection":[{"href":"https:\/\/www.portalalerta.com.br\/index.php\/wp-json\/wp\/v2\/posts"}],"about":[{"href":"https:\/\/www.portalalerta.com.br\/index.php\/wp-json\/wp\/v2\/types\/post"}],"author":[{"embeddable":true,"href":"https:\/\/www.portalalerta.com.br\/index.php\/wp-json\/wp\/v2\/users\/2"}],"replies":[{"embeddable":true,"href":"https:\/\/www.portalalerta.com.br\/index.php\/wp-json\/wp\/v2\/comments?post=43182"}],"version-history":[{"count":1,"href":"https:\/\/www.portalalerta.com.br\/index.php\/wp-json\/wp\/v2\/posts\/43182\/revisions"}],"predecessor-version":[{"id":43184,"href":"https:\/\/www.portalalerta.com.br\/index.php\/wp-json\/wp\/v2\/posts\/43182\/revisions\/43184"}],"wp:featuredmedia":[{"embeddable":true,"href":"https:\/\/www.portalalerta.com.br\/index.php\/wp-json\/wp\/v2\/media\/43183"}],"wp:attachment":[{"href":"https:\/\/www.portalalerta.com.br\/index.php\/wp-json\/wp\/v2\/media?parent=43182"}],"wp:term":[{"taxonomy":"category","embeddable":true,"href":"https:\/\/www.portalalerta.com.br\/index.php\/wp-json\/wp\/v2\/categories?post=43182"},{"taxonomy":"post_tag","embeddable":true,"href":"https:\/\/www.portalalerta.com.br\/index.php\/wp-json\/wp\/v2\/tags?post=43182"}],"curies":[{"name":"wp","href":"https:\/\/api.w.org\/{rel}","templated":true}]}}