{"id":43198,"date":"2022-06-12T17:30:39","date_gmt":"2022-06-12T20:30:39","guid":{"rendered":"https:\/\/www.portalalerta.com.br\/?p=43198"},"modified":"2022-06-12T17:30:41","modified_gmt":"2022-06-12T20:30:41","slug":"pgr-pede-arquivamento-de-investigacao-contra-lider-do-governo-por-suspeita-com-vacina","status":"publish","type":"post","link":"https:\/\/www.portalalerta.com.br\/index.php\/2022\/06\/12\/pgr-pede-arquivamento-de-investigacao-contra-lider-do-governo-por-suspeita-com-vacina\/","title":{"rendered":"PGR pede arquivamento de investiga\u00e7\u00e3o contra l\u00edder do governo por suspeita com vacina"},"content":{"rendered":"\n<p>Apura\u00e7\u00e3o preliminar que mirava Ricardo Barros foi aberta a partir do relat\u00f3rio final da CPI da Covid<\/p>\n\n\n\n<!--more-->\n\n\n\n<p>A vice-procuradora-geral da Rep\u00fablica, Lind\u00f4ra Ara\u00fajo, se posicionou pelo arquivamento de apura\u00e7\u00e3o sobre as suspeitas relacionadas ao l\u00edder do governo na C\u00e2mara, Ricardo Barros (PP-PR), em negocia\u00e7\u00f5es para a compra da vacina Covaxin, intermediada pela Belcher Farmac\u00eautica.<\/p>\n\n\n\n<p>Em manifesta\u00e7\u00e3o enviada ao Supremo Tribunal Federal (STF) nesta sexta-feira (10), Lind\u00f4ra Ara\u00fajo afirmou que, esgotadas as investiga\u00e7\u00f5es preliminares, <strong><em>&#8220;constata-se que os fatos em apura\u00e7\u00e3o n\u00e3o ensejam a instaura\u00e7\u00e3o de inqu\u00e9rito&#8221;<\/em><\/strong> perante a corte.<\/p>\n\n\n\n<div class=\"wp-block-image\"><figure class=\"aligncenter size-full\"><img decoding=\"async\" src=\"https:\/\/www.portalalerta.com.br\/wp-content\/uploads\/2022\/06\/Real-Calcados-Sao-Joao-2022.jpg\" alt=\"\" class=\"wp-image-43012\"\/><\/figure><\/div>\n\n\n\n<p><strong><em>&#8220;Considerando-se que inexistem ind\u00edcios m\u00ednimos para se afirmar que o representado Ricardo Barros tenha atuado em benef\u00edcio de pretens\u00f5es privadas, n\u00e3o se depreende a exist\u00eancia do interesse de agir apto a ensejar a continuidade deste procedimento&#8221;<\/em><\/strong>, afirmou Lind\u00f4ra.<\/p>\n\n\n\n<p>Em uma rede social, o parlamentar afirmou <strong>&#8220;A verdade:&#8221;<\/strong> reproduzindo na sequ\u00eancia a \u00edntegra do trecho acima de autoria da representante da PGR.<\/p>\n\n\n\n<p>A apura\u00e7\u00e3o que mira Barros foi aberta a partir do relat\u00f3rio final da CPI da Covid, instalada no ano passado no Senado. A relatora do caso no Supremo \u00e9 a ministra Rosa Weber.<\/p>\n\n\n\n<p><em>Fonte: Metro1<\/em><\/p>\n","protected":false},"excerpt":{"rendered":"<p>Apura\u00e7\u00e3o preliminar que mirava Ricardo Barros foi aberta a partir do relat\u00f3rio final da CPI da Covid<\/p>\n","protected":false},"author":2,"featured_media":29402,"comment_status":"open","ping_status":"open","sticky":false,"template":"","format":"standard","meta":{"om_disable_all_campaigns":false,"_monsterinsights_skip_tracking":false,"_monsterinsights_sitenote_active":false,"_monsterinsights_sitenote_note":"","_monsterinsights_sitenote_category":0,"footnotes":""},"categories":[34,70,69,21],"tags":[1723,93,4559,215,411,3903,3570],"class_list":["post-43198","post","type-post","status-publish","format-standard","has-post-thumbnail","hentry","category-brasil","category-destaques","category-noticias2","category-politica","tag-arquivamento","tag-brasil","tag-covaxin","tag-deputado-federal","tag-pgr","tag-ricardo-barros","tag-vacina"],"aioseo_notices":[],"_links":{"self":[{"href":"https:\/\/www.portalalerta.com.br\/index.php\/wp-json\/wp\/v2\/posts\/43198","targetHints":{"allow":["GET"]}}],"collection":[{"href":"https:\/\/www.portalalerta.com.br\/index.php\/wp-json\/wp\/v2\/posts"}],"about":[{"href":"https:\/\/www.portalalerta.com.br\/index.php\/wp-json\/wp\/v2\/types\/post"}],"author":[{"embeddable":true,"href":"https:\/\/www.portalalerta.com.br\/index.php\/wp-json\/wp\/v2\/users\/2"}],"replies":[{"embeddable":true,"href":"https:\/\/www.portalalerta.com.br\/index.php\/wp-json\/wp\/v2\/comments?post=43198"}],"version-history":[{"count":1,"href":"https:\/\/www.portalalerta.com.br\/index.php\/wp-json\/wp\/v2\/posts\/43198\/revisions"}],"predecessor-version":[{"id":43199,"href":"https:\/\/www.portalalerta.com.br\/index.php\/wp-json\/wp\/v2\/posts\/43198\/revisions\/43199"}],"wp:featuredmedia":[{"embeddable":true,"href":"https:\/\/www.portalalerta.com.br\/index.php\/wp-json\/wp\/v2\/media\/29402"}],"wp:attachment":[{"href":"https:\/\/www.portalalerta.com.br\/index.php\/wp-json\/wp\/v2\/media?parent=43198"}],"wp:term":[{"taxonomy":"category","embeddable":true,"href":"https:\/\/www.portalalerta.com.br\/index.php\/wp-json\/wp\/v2\/categories?post=43198"},{"taxonomy":"post_tag","embeddable":true,"href":"https:\/\/www.portalalerta.com.br\/index.php\/wp-json\/wp\/v2\/tags?post=43198"}],"curies":[{"name":"wp","href":"https:\/\/api.w.org\/{rel}","templated":true}]}}