{"id":43200,"date":"2022-06-12T17:42:31","date_gmt":"2022-06-12T20:42:31","guid":{"rendered":"https:\/\/www.portalalerta.com.br\/?p=43200"},"modified":"2022-06-12T17:42:33","modified_gmt":"2022-06-12T20:42:33","slug":"tucano-ba-tera-fiscalizacao-no-abate-de-animais-e-comercializacao-de-carnes","status":"publish","type":"post","link":"https:\/\/www.portalalerta.com.br\/index.php\/2022\/06\/12\/tucano-ba-tera-fiscalizacao-no-abate-de-animais-e-comercializacao-de-carnes\/","title":{"rendered":"Tucano-BA ter\u00e1 fiscaliza\u00e7\u00e3o no abate de animais, e comercializa\u00e7\u00e3o de carnes"},"content":{"rendered":"\n<p>Por determina\u00e7\u00e3o do Minist\u00e9rio P\u00fablico, a partir desta segunda-feira (13) haver\u00e1 fiscaliza\u00e7\u00e3o no abate e na comercializa\u00e7\u00e3o de carnes de: <strong>boi, carneiro, porco e de frangos;<\/strong> no munic\u00edpio de Tucano-BA, conforme normas da Vigil\u00e2ncia Sanit\u00e1ria.<\/p>\n\n\n\n<!--more-->\n\n\n\n<p>Al\u00e9m do acondicionamento correto ser\u00e1 fiscalizada tamb\u00e9m a proced\u00eancia da carne, se a mesma tem origem atrav\u00e9s de abatedouro legalizado e licenciado ambientalmente. Sendo assim, fica proibido o com\u00e9rcio de carnes abatidas em estabelecimentos n\u00e3o licenciados e a venda do produto em temperatura ambiente, devendo as mesmas estarem acondicionadas nos balc\u00f5es refrigerados.<\/p>\n\n\n\n<p>Os produtos fora das condi\u00e7\u00f5es exigidas estar\u00e3o pass\u00edveis de apreens\u00e3o durante as fiscaliza\u00e7\u00f5es.<\/p>\n\n\n\n<p><em>Fonte: Joilson Costa<\/em><\/p>\n","protected":false},"excerpt":{"rendered":"<p>Por determina\u00e7\u00e3o do Minist\u00e9rio P\u00fablico, a partir desta segunda-feira (13) haver\u00e1 fiscaliza\u00e7\u00e3o no abate e na comercializa\u00e7\u00e3o de carnes de: boi, carneiro, porco e de frangos; no munic\u00edpio de Tucano-BA, conforme normas da Vigil\u00e2ncia Sanit\u00e1ria.<\/p>\n","protected":false},"author":2,"featured_media":43201,"comment_status":"open","ping_status":"open","sticky":false,"template":"","format":"standard","meta":{"om_disable_all_campaigns":false,"_monsterinsights_skip_tracking":false,"_monsterinsights_sitenote_active":false,"_monsterinsights_sitenote_note":"","_monsterinsights_sitenote_category":0,"footnotes":""},"categories":[70,69,32,12],"tags":[4726,4117,352,190],"class_list":["post-43200","post","type-post","status-publish","format-standard","has-post-thumbnail","hentry","category-destaques","category-noticias2","category-regiao","category-tucano","tag-abate-animal","tag-carne","tag-ministerio-publico","tag-tucano"],"aioseo_notices":[],"_links":{"self":[{"href":"https:\/\/www.portalalerta.com.br\/index.php\/wp-json\/wp\/v2\/posts\/43200","targetHints":{"allow":["GET"]}}],"collection":[{"href":"https:\/\/www.portalalerta.com.br\/index.php\/wp-json\/wp\/v2\/posts"}],"about":[{"href":"https:\/\/www.portalalerta.com.br\/index.php\/wp-json\/wp\/v2\/types\/post"}],"author":[{"embeddable":true,"href":"https:\/\/www.portalalerta.com.br\/index.php\/wp-json\/wp\/v2\/users\/2"}],"replies":[{"embeddable":true,"href":"https:\/\/www.portalalerta.com.br\/index.php\/wp-json\/wp\/v2\/comments?post=43200"}],"version-history":[{"count":1,"href":"https:\/\/www.portalalerta.com.br\/index.php\/wp-json\/wp\/v2\/posts\/43200\/revisions"}],"predecessor-version":[{"id":43202,"href":"https:\/\/www.portalalerta.com.br\/index.php\/wp-json\/wp\/v2\/posts\/43200\/revisions\/43202"}],"wp:featuredmedia":[{"embeddable":true,"href":"https:\/\/www.portalalerta.com.br\/index.php\/wp-json\/wp\/v2\/media\/43201"}],"wp:attachment":[{"href":"https:\/\/www.portalalerta.com.br\/index.php\/wp-json\/wp\/v2\/media?parent=43200"}],"wp:term":[{"taxonomy":"category","embeddable":true,"href":"https:\/\/www.portalalerta.com.br\/index.php\/wp-json\/wp\/v2\/categories?post=43200"},{"taxonomy":"post_tag","embeddable":true,"href":"https:\/\/www.portalalerta.com.br\/index.php\/wp-json\/wp\/v2\/tags?post=43200"}],"curies":[{"name":"wp","href":"https:\/\/api.w.org\/{rel}","templated":true}]}}