{"id":43217,"date":"2022-06-13T06:33:00","date_gmt":"2022-06-13T09:33:00","guid":{"rendered":"https:\/\/www.portalalerta.com.br\/?p=43217"},"modified":"2022-06-12T23:33:47","modified_gmt":"2022-06-13T02:33:47","slug":"pacientes-de-sp-com-variola-dos-macacos-estao-com-bom-estado-de-saude","status":"publish","type":"post","link":"https:\/\/www.portalalerta.com.br\/index.php\/2022\/06\/13\/pacientes-de-sp-com-variola-dos-macacos-estao-com-bom-estado-de-saude\/","title":{"rendered":"Pacientes de SP com var\u00edola dos macacos est\u00e3o com bom estado de sa\u00fade"},"content":{"rendered":"\n<p>Um deles est\u00e1 no Instituto de Infectologia Em\u00edlio Ribas e o outro em casa<\/p>\n\n\n\n<!--more-->\n\n\n\n<p>A Secretaria de Sa\u00fade de S\u00e3o Paulo informou neste domingo (12) que os dois pacientes confirmados com var\u00edola dos macacos no estado est\u00e3o em bom estado e em isolamento, um deles no Instituto de Infectologia Em\u00edlio Ribas e o outro em casa.<\/p>\n\n\n\n<div class=\"wp-block-image\"><figure class=\"aligncenter size-full\"><img fetchpriority=\"high\" decoding=\"async\" width=\"720\" height=\"181\" src=\"https:\/\/www.portalalerta.com.br\/wp-content\/uploads\/2018\/02\/Auto-Escola-Nobre.jpg\" alt=\"\" class=\"wp-image-4869\" srcset=\"https:\/\/www.portalalerta.com.br\/wp-content\/uploads\/2018\/02\/Auto-Escola-Nobre.jpg 720w, https:\/\/www.portalalerta.com.br\/wp-content\/uploads\/2018\/02\/Auto-Escola-Nobre-260x65.jpg 260w, https:\/\/www.portalalerta.com.br\/wp-content\/uploads\/2018\/02\/Auto-Escola-Nobre-50x13.jpg 50w, https:\/\/www.portalalerta.com.br\/wp-content\/uploads\/2018\/02\/Auto-Escola-Nobre-150x38.jpg 150w\" sizes=\"(max-width: 720px) 100vw, 720px\" \/><\/figure><\/div>\n\n\n\n<p>Na \u00faltima quinta-feira (9), o governo paulista confirmou o primeiro caso no pa\u00eds: um morador da capital paulista que est\u00e1 internado no Em\u00edlio Ribas, com boa evolu\u00e7\u00e3o do quadro cl\u00ednico.<\/p>\n\n\n\n<p>A segunda ocorr\u00eancia da doen\u00e7a foi detectada em um homem, de 29 anos, que est\u00e1 isolado em sua resid\u00eancia em Vinhedo, no interior do estado.<\/p>\n\n\n\n<p><em>Fonte: Metro1<\/em><\/p>\n","protected":false},"excerpt":{"rendered":"<p>Um deles est\u00e1 no Instituto de Infectologia Em\u00edlio Ribas e o outro em casa<\/p>\n","protected":false},"author":2,"featured_media":42816,"comment_status":"open","ping_status":"open","sticky":false,"template":"","format":"standard","meta":{"om_disable_all_campaigns":false,"_monsterinsights_skip_tracking":false,"_monsterinsights_sitenote_active":false,"_monsterinsights_sitenote_note":"","_monsterinsights_sitenote_category":0,"footnotes":""},"categories":[34,70,69,19],"tags":[93,404,61,5419],"class_list":["post-43217","post","type-post","status-publish","format-standard","has-post-thumbnail","hentry","category-brasil","category-destaques","category-noticias2","category-saude","tag-brasil","tag-sao-paulo","tag-saude","tag-variola-do-macaco"],"aioseo_notices":[],"_links":{"self":[{"href":"https:\/\/www.portalalerta.com.br\/index.php\/wp-json\/wp\/v2\/posts\/43217","targetHints":{"allow":["GET"]}}],"collection":[{"href":"https:\/\/www.portalalerta.com.br\/index.php\/wp-json\/wp\/v2\/posts"}],"about":[{"href":"https:\/\/www.portalalerta.com.br\/index.php\/wp-json\/wp\/v2\/types\/post"}],"author":[{"embeddable":true,"href":"https:\/\/www.portalalerta.com.br\/index.php\/wp-json\/wp\/v2\/users\/2"}],"replies":[{"embeddable":true,"href":"https:\/\/www.portalalerta.com.br\/index.php\/wp-json\/wp\/v2\/comments?post=43217"}],"version-history":[{"count":1,"href":"https:\/\/www.portalalerta.com.br\/index.php\/wp-json\/wp\/v2\/posts\/43217\/revisions"}],"predecessor-version":[{"id":43218,"href":"https:\/\/www.portalalerta.com.br\/index.php\/wp-json\/wp\/v2\/posts\/43217\/revisions\/43218"}],"wp:featuredmedia":[{"embeddable":true,"href":"https:\/\/www.portalalerta.com.br\/index.php\/wp-json\/wp\/v2\/media\/42816"}],"wp:attachment":[{"href":"https:\/\/www.portalalerta.com.br\/index.php\/wp-json\/wp\/v2\/media?parent=43217"}],"wp:term":[{"taxonomy":"category","embeddable":true,"href":"https:\/\/www.portalalerta.com.br\/index.php\/wp-json\/wp\/v2\/categories?post=43217"},{"taxonomy":"post_tag","embeddable":true,"href":"https:\/\/www.portalalerta.com.br\/index.php\/wp-json\/wp\/v2\/tags?post=43217"}],"curies":[{"name":"wp","href":"https:\/\/api.w.org\/{rel}","templated":true}]}}