{"id":43219,"date":"2022-06-13T11:00:00","date_gmt":"2022-06-13T14:00:00","guid":{"rendered":"https:\/\/www.portalalerta.com.br\/?p=43219"},"modified":"2022-06-12T23:44:52","modified_gmt":"2022-06-13T02:44:52","slug":"trabalho-infantil-e-realidade-de-13-milhao-de-adolescentes-no-brasil-diz-abrinq","status":"publish","type":"post","link":"https:\/\/www.portalalerta.com.br\/index.php\/2022\/06\/13\/trabalho-infantil-e-realidade-de-13-milhao-de-adolescentes-no-brasil-diz-abrinq\/","title":{"rendered":"Trabalho infantil \u00e9 realidade de 1,3 milh\u00e3o de adolescentes no Brasil, diz Abrinq"},"content":{"rendered":"\n<p>Uma pesquisa realizada pela Funda\u00e7\u00e3o Abrinq descobriu que em 2021, cerca de 1,3 milh\u00e3o de adolescentes estavam em situa\u00e7\u00e3o de trabalho infantil no Brasil.<\/p>\n\n\n\n<!--more-->\n\n\n\n<div class=\"wp-block-image\"><figure class=\"aligncenter size-full\"><img decoding=\"async\" src=\"https:\/\/www.portalalerta.com.br\/wp-content\/uploads\/2022\/06\/Real-Calcados-Sao-Joao-2022.jpg\" alt=\"\" class=\"wp-image-43012\"\/><\/figure><\/div>\n\n\n\n<p>O levantamento chamado <strong><em>\u201cO Trabalho Infantil a partir da Pesquisa Nacional por Amostra de Domic\u00edlios Cont\u00ednua Trimestral\u201d<\/em><\/strong>, realizado com base nos dados do Instituto Brasileiro de Geografia e Estat\u00edstica (IBGE), mostrou que 86% de adolescentes entre 14 e 17 anos que est\u00e3o no mercado de trabalho encontram-se em situa\u00e7\u00e3o de trabalho infantil. Em 2020 a taxa era de 84,8%.<\/p>\n\n\n\n<p>Para chamar aten\u00e7\u00e3o para esse cen\u00e1rio, a Organiza\u00e7\u00e3o Internacional do Trabalho (OIT), estipulou a data de 12 de junho como Dia Mundial Contra o Trabalho Infantil, com o objetivo de alertar a sociedade para o problema e mobiliz\u00e1-la para o enfrentamento desta situa\u00e7\u00e3o.<\/p>\n\n\n\n<p><em>Fonte: Metro1<\/em><\/p>\n","protected":false},"excerpt":{"rendered":"<p>Uma pesquisa realizada pela Funda\u00e7\u00e3o Abrinq descobriu que em 2021, cerca de 1,3 milh\u00e3o de adolescentes estavam em situa\u00e7\u00e3o de trabalho infantil no Brasil.<\/p>\n","protected":false},"author":2,"featured_media":20161,"comment_status":"open","ping_status":"open","sticky":false,"template":"","format":"standard","meta":{"om_disable_all_campaigns":false,"_monsterinsights_skip_tracking":false,"_monsterinsights_sitenote_active":false,"_monsterinsights_sitenote_note":"","_monsterinsights_sitenote_category":0,"footnotes":""},"categories":[34,70,69],"tags":[93,202,3228],"class_list":["post-43219","post","type-post","status-publish","format-standard","has-post-thumbnail","hentry","category-brasil","category-destaques","category-noticias2","tag-brasil","tag-ibge","tag-trabalho-infantil"],"aioseo_notices":[],"_links":{"self":[{"href":"https:\/\/www.portalalerta.com.br\/index.php\/wp-json\/wp\/v2\/posts\/43219","targetHints":{"allow":["GET"]}}],"collection":[{"href":"https:\/\/www.portalalerta.com.br\/index.php\/wp-json\/wp\/v2\/posts"}],"about":[{"href":"https:\/\/www.portalalerta.com.br\/index.php\/wp-json\/wp\/v2\/types\/post"}],"author":[{"embeddable":true,"href":"https:\/\/www.portalalerta.com.br\/index.php\/wp-json\/wp\/v2\/users\/2"}],"replies":[{"embeddable":true,"href":"https:\/\/www.portalalerta.com.br\/index.php\/wp-json\/wp\/v2\/comments?post=43219"}],"version-history":[{"count":1,"href":"https:\/\/www.portalalerta.com.br\/index.php\/wp-json\/wp\/v2\/posts\/43219\/revisions"}],"predecessor-version":[{"id":43220,"href":"https:\/\/www.portalalerta.com.br\/index.php\/wp-json\/wp\/v2\/posts\/43219\/revisions\/43220"}],"wp:featuredmedia":[{"embeddable":true,"href":"https:\/\/www.portalalerta.com.br\/index.php\/wp-json\/wp\/v2\/media\/20161"}],"wp:attachment":[{"href":"https:\/\/www.portalalerta.com.br\/index.php\/wp-json\/wp\/v2\/media?parent=43219"}],"wp:term":[{"taxonomy":"category","embeddable":true,"href":"https:\/\/www.portalalerta.com.br\/index.php\/wp-json\/wp\/v2\/categories?post=43219"},{"taxonomy":"post_tag","embeddable":true,"href":"https:\/\/www.portalalerta.com.br\/index.php\/wp-json\/wp\/v2\/tags?post=43219"}],"curies":[{"name":"wp","href":"https:\/\/api.w.org\/{rel}","templated":true}]}}