{"id":43221,"date":"2022-06-13T11:01:00","date_gmt":"2022-06-13T14:01:00","guid":{"rendered":"https:\/\/www.portalalerta.com.br\/?p=43221"},"modified":"2022-06-12T23:50:51","modified_gmt":"2022-06-13T02:50:51","slug":"prefeitura-de-ribeira-do-pombal-ba-e-senai-oferecem-cursos-para-os-moradores-do-conjunto-habitacional-joao-almeida","status":"publish","type":"post","link":"https:\/\/www.portalalerta.com.br\/index.php\/2022\/06\/13\/prefeitura-de-ribeira-do-pombal-ba-e-senai-oferecem-cursos-para-os-moradores-do-conjunto-habitacional-joao-almeida\/","title":{"rendered":"Prefeitura de Ribeira do Pombal-BA e Senai oferecem cursos para os moradores do Conjunto Habitacional Jo\u00e3o Almeida"},"content":{"rendered":"\n<p>O projeto de cria\u00e7\u00e3o do Condom\u00ednio Jo\u00e3o Almeida chega em sua \u00faltima fase, a oferta de cursos profissionalizantes para os moradores contemplados e j\u00e1 instalados nos apartamentos. Para tanto os representantes do SENAI est\u00e3o no munic\u00edpio apresentando a proposta e realizando as matr\u00edculas dos interessados.<\/p>\n\n\n\n<!--more-->\n\n\n\n<p>Ao todo est\u00e3o sendo organizados cursos de: <strong>Confeitaria, P\u00e3es, Panifica\u00e7\u00e3o, Salgados, Vendas, Empreendedorismo, Elabora\u00e7\u00e3o de Curr\u00edculo, Aplica\u00e7\u00e3o de Revestimentos, M\u00fasica e Dan\u00e7a, Modelagem em Malha, Dan\u00e7a de Sal\u00e3o e Educa\u00e7\u00e3o Ambiental.<\/strong><\/p>\n\n\n\n<p>Quanto \u00e0s aulas, ser\u00e3o realizadas nas pr\u00f3prias instala\u00e7\u00f5es comunit\u00e1ria do Condom\u00ednio. Essa fase do Projeto Jo\u00e3o Almeida est\u00e1 sendo tocada atrav\u00e9s de parceria firmada entre Munic\u00edpio de Ribeira do Pomba e o SENAI e ter\u00e1 dura\u00e7\u00e3o de at\u00e9 um ano.<\/p>\n\n\n\n<p><em>Fonte: SECOM\/ Ribeira do Pombal<\/em><\/p>\n","protected":false},"excerpt":{"rendered":"<p>O projeto de cria\u00e7\u00e3o do Condom\u00ednio Jo\u00e3o Almeida chega em sua \u00faltima fase, a oferta de cursos profissionalizantes para os moradores contemplados e j\u00e1 instalados nos apartamentos. Para tanto os representantes do SENAI est\u00e3o no munic\u00edpio apresentando a proposta e realizando as matr\u00edculas dos interessados.<\/p>\n","protected":false},"author":2,"featured_media":39745,"comment_status":"open","ping_status":"open","sticky":false,"template":"","format":"standard","meta":{"om_disable_all_campaigns":false,"_monsterinsights_skip_tracking":false,"_monsterinsights_sitenote_active":false,"_monsterinsights_sitenote_note":"","_monsterinsights_sitenote_category":0,"footnotes":""},"categories":[70,69,32,3],"tags":[4485,47,5465],"class_list":["post-43221","post","type-post","status-publish","format-standard","has-post-thumbnail","hentry","category-destaques","category-noticias2","category-regiao","category-ribeira-do-pombal","tag-bairro-joao-almeida","tag-ribeira-do-pombal","tag-senai"],"aioseo_notices":[],"_links":{"self":[{"href":"https:\/\/www.portalalerta.com.br\/index.php\/wp-json\/wp\/v2\/posts\/43221","targetHints":{"allow":["GET"]}}],"collection":[{"href":"https:\/\/www.portalalerta.com.br\/index.php\/wp-json\/wp\/v2\/posts"}],"about":[{"href":"https:\/\/www.portalalerta.com.br\/index.php\/wp-json\/wp\/v2\/types\/post"}],"author":[{"embeddable":true,"href":"https:\/\/www.portalalerta.com.br\/index.php\/wp-json\/wp\/v2\/users\/2"}],"replies":[{"embeddable":true,"href":"https:\/\/www.portalalerta.com.br\/index.php\/wp-json\/wp\/v2\/comments?post=43221"}],"version-history":[{"count":1,"href":"https:\/\/www.portalalerta.com.br\/index.php\/wp-json\/wp\/v2\/posts\/43221\/revisions"}],"predecessor-version":[{"id":43222,"href":"https:\/\/www.portalalerta.com.br\/index.php\/wp-json\/wp\/v2\/posts\/43221\/revisions\/43222"}],"wp:featuredmedia":[{"embeddable":true,"href":"https:\/\/www.portalalerta.com.br\/index.php\/wp-json\/wp\/v2\/media\/39745"}],"wp:attachment":[{"href":"https:\/\/www.portalalerta.com.br\/index.php\/wp-json\/wp\/v2\/media?parent=43221"}],"wp:term":[{"taxonomy":"category","embeddable":true,"href":"https:\/\/www.portalalerta.com.br\/index.php\/wp-json\/wp\/v2\/categories?post=43221"},{"taxonomy":"post_tag","embeddable":true,"href":"https:\/\/www.portalalerta.com.br\/index.php\/wp-json\/wp\/v2\/tags?post=43221"}],"curies":[{"name":"wp","href":"https:\/\/api.w.org\/{rel}","templated":true}]}}