{"id":43223,"date":"2022-06-13T11:02:00","date_gmt":"2022-06-13T14:02:00","guid":{"rendered":"https:\/\/www.portalalerta.com.br\/?p=43223"},"modified":"2022-06-12T23:59:37","modified_gmt":"2022-06-13T02:59:37","slug":"bombeiros-encontram-mochila-com-notebook-em-area-de-busca-por-desaparecidos","status":"publish","type":"post","link":"https:\/\/www.portalalerta.com.br\/index.php\/2022\/06\/13\/bombeiros-encontram-mochila-com-notebook-em-area-de-busca-por-desaparecidos\/","title":{"rendered":"Bombeiros encontram mochila com notebook em \u00e1rea de busca por desaparecidos"},"content":{"rendered":"\n<p>Bombeiros encontraram neste domingo (12) uma mochila, notebook e pertences submersos na \u00e1rea em que ocorrem as buscas pelo indigenista Bruno Pereira e Dom Phillips, na regi\u00e3o do Vale do Javari (AM). Ambos est\u00e3o desaparecidos desde 5 de junho.<\/p>\n\n\n\n<!--more-->\n\n\n\n<p>Tamb\u00e9m foram achados chinelos e uma lona no local, segundo agentes do Corpo de Bombeiros do Amazonas que retornaram no fim da tarde deste domingo ao porto de Atalaia do Norte (AM).<\/p>\n\n\n\n<p>Pereira e Phillips viajavam pelo rio Itaqua\u00ed \u00e0 cidade no dia do desaparecimento, mas n\u00e3o chegaram ao destino.<\/p>\n\n\n\n<div class=\"wp-block-image\"><figure class=\"alignleft size-full is-resized\"><img fetchpriority=\"high\" decoding=\"async\" src=\"https:\/\/www.portalalerta.com.br\/wp-content\/uploads\/2021\/04\/ELAB.jpg\" alt=\"\" class=\"wp-image-34795\" width=\"434\" height=\"346\" srcset=\"https:\/\/www.portalalerta.com.br\/wp-content\/uploads\/2021\/04\/ELAB.jpg 1000w, https:\/\/www.portalalerta.com.br\/wp-content\/uploads\/2021\/04\/ELAB-300x240.jpg 300w, https:\/\/www.portalalerta.com.br\/wp-content\/uploads\/2021\/04\/ELAB-768x614.jpg 768w, https:\/\/www.portalalerta.com.br\/wp-content\/uploads\/2021\/04\/ELAB-183x146.jpg 183w, https:\/\/www.portalalerta.com.br\/wp-content\/uploads\/2021\/04\/ELAB-50x40.jpg 50w, https:\/\/www.portalalerta.com.br\/wp-content\/uploads\/2021\/04\/ELAB-94x75.jpg 94w\" sizes=\"(max-width: 434px) 100vw, 434px\" \/><\/figure><\/div>\n\n\n\n<p>Os objetos foram encontrados por mergulhadores dos bombeiros. A mochila estava amarrada numa \u00e1rvore submersa no igap\u00f3 e os pertences estavam dentro dela. Ela foi entregue \u00e0 Pol\u00edcia Federal.<\/p>\n\n\n\n<p>Segundo os bombeiros, ind\u00edgenas e representantes da Univaja (Uni\u00e3o dos Povos Ind\u00edgenas do Vale do Javari) disseram no local que a mochila pertenceria a um dos dois desaparecidos, mas n\u00e3o especificaram se seria de Pereira ou Phillips.<\/p>\n\n\n\n<p>A mochila \u00e9 da marca Equinox, com capacidade entre 60 e 70 litros, ainda de acordo com os agentes da corpora\u00e7\u00e3o.<\/p>\n\n\n\n<p>O primeiro-tenente do Corpo de Bombeiros do Amazonas, Barbosa Amorim, que \u00e9 o respons\u00e1vel pela equipe de mergulho, afirmou que todos os pertences e <strong>&#8220;material de trabalho&#8221;<\/strong> estavam na mochila.<\/p>\n\n\n\n<p>Nove bombeiros atuam no local, sendo quatro mergulhadores.<\/p>\n\n\n\n<p>Os objetos foram encontrados numa \u00e1rea que tinha sido isolada no s\u00e1bado (11) pela Pol\u00edcia Federal, nas margens do rio Itaqua\u00ed. Ind\u00edgenas que auxiliam nas buscas haviam sinalizado que a mata no local tinha sinais de que um objeto de grandes propor\u00e7\u00f5es havia adentrado pelo local.<\/p>\n\n\n\n<p>A Folha acompanhou, s\u00e1bado, o momento em que policiais federais avan\u00e7aram por um igap\u00f3 \u2014\u00e1rea de mata inundada por \u00e1gua, \u00e0 margem do rio\u2014 para uma per\u00edcia inicial do local. Os agentes isolaram o trecho onde existe a suspeita de passagem da lancha dos desaparecidos com uma fita amarela.<\/p>\n\n\n\n<p>As autoridades retornaram \u00e0 regi\u00e3o neste domingo para realizar novas buscas, que resultaram na descoberta da mochila e dos demais objetos.<\/p>\n\n\n\n<p>A suspeita de ind\u00edgenas, relatada \u00e0 Folha no s\u00e1bado com o aux\u00edlio de tradutores, \u00e9 que a embarca\u00e7\u00e3o usada por Pereira e Phillips pode ter perdido a dire\u00e7\u00e3o, ap\u00f3s um poss\u00edvel ataque, e ter avan\u00e7ado pelo igap\u00f3 de forma descontrolada.<\/p>\n\n\n\n<p><em>Fonte: Yahoo Not\u00edcias<\/em><\/p>\n","protected":false},"excerpt":{"rendered":"<p>Bombeiros encontraram neste domingo (12) uma mochila, notebook e pertences submersos na \u00e1rea em que ocorrem as buscas pelo indigenista Bruno Pereira e Dom Phillips, na regi\u00e3o do Vale do Javari (AM). Ambos est\u00e3o desaparecidos desde 5 de junho.<\/p>\n","protected":false},"author":2,"featured_media":43224,"comment_status":"open","ping_status":"open","sticky":false,"template":"","format":"standard","meta":{"om_disable_all_campaigns":false,"_monsterinsights_skip_tracking":false,"_monsterinsights_sitenote_active":false,"_monsterinsights_sitenote_note":"","_monsterinsights_sitenote_category":0,"footnotes":""},"categories":[34,70,69,22],"tags":[269,93,626,190],"class_list":["post-43223","post","type-post","status-publish","format-standard","has-post-thumbnail","hentry","category-brasil","category-destaques","category-noticias2","category-seguranca","tag-amazonas","tag-brasil","tag-desaparecidos","tag-tucano"],"aioseo_notices":[],"_links":{"self":[{"href":"https:\/\/www.portalalerta.com.br\/index.php\/wp-json\/wp\/v2\/posts\/43223","targetHints":{"allow":["GET"]}}],"collection":[{"href":"https:\/\/www.portalalerta.com.br\/index.php\/wp-json\/wp\/v2\/posts"}],"about":[{"href":"https:\/\/www.portalalerta.com.br\/index.php\/wp-json\/wp\/v2\/types\/post"}],"author":[{"embeddable":true,"href":"https:\/\/www.portalalerta.com.br\/index.php\/wp-json\/wp\/v2\/users\/2"}],"replies":[{"embeddable":true,"href":"https:\/\/www.portalalerta.com.br\/index.php\/wp-json\/wp\/v2\/comments?post=43223"}],"version-history":[{"count":1,"href":"https:\/\/www.portalalerta.com.br\/index.php\/wp-json\/wp\/v2\/posts\/43223\/revisions"}],"predecessor-version":[{"id":43225,"href":"https:\/\/www.portalalerta.com.br\/index.php\/wp-json\/wp\/v2\/posts\/43223\/revisions\/43225"}],"wp:featuredmedia":[{"embeddable":true,"href":"https:\/\/www.portalalerta.com.br\/index.php\/wp-json\/wp\/v2\/media\/43224"}],"wp:attachment":[{"href":"https:\/\/www.portalalerta.com.br\/index.php\/wp-json\/wp\/v2\/media?parent=43223"}],"wp:term":[{"taxonomy":"category","embeddable":true,"href":"https:\/\/www.portalalerta.com.br\/index.php\/wp-json\/wp\/v2\/categories?post=43223"},{"taxonomy":"post_tag","embeddable":true,"href":"https:\/\/www.portalalerta.com.br\/index.php\/wp-json\/wp\/v2\/tags?post=43223"}],"curies":[{"name":"wp","href":"https:\/\/api.w.org\/{rel}","templated":true}]}}