{"id":43229,"date":"2022-06-13T18:00:00","date_gmt":"2022-06-13T21:00:00","guid":{"rendered":"https:\/\/www.portalalerta.com.br\/?p=43229"},"modified":"2022-06-13T00:45:25","modified_gmt":"2022-06-13T03:45:25","slug":"homem-e-preso-com-duas-armas-de-fogo-apos-tentativa-de-homicidio-em-quijingue-ba","status":"publish","type":"post","link":"https:\/\/www.portalalerta.com.br\/index.php\/2022\/06\/13\/homem-e-preso-com-duas-armas-de-fogo-apos-tentativa-de-homicidio-em-quijingue-ba\/","title":{"rendered":"Homem \u00e9 preso com duas armas de fogo, ap\u00f3s tentativa de homic\u00eddio, em Quijingue-BA"},"content":{"rendered":"\n<p>Por volta das 22hs do \u00faltimo s\u00e1bado (11) policiais militares da 4\u00aa CIA\/ Quijingue-BA, foram at\u00e9 a zona rural da cidade (local n\u00e3o informado), para averiguarem uma den\u00fancia de tentativa de homic\u00eddio.<\/p>\n\n\n\n<!--more-->\n\n\n\n<div class=\"wp-block-image\"><figure class=\"aligncenter size-full\"><img decoding=\"async\" src=\"https:\/\/www.portalalerta.com.br\/wp-content\/uploads\/2022\/06\/Real-Calcados-Sao-Joao-2022.jpg\" alt=\"\" class=\"wp-image-43012\"\/><\/figure><\/div>\n\n\n\n<p>No local, os militares encontraram o suposto autor do crime, tendo sob a sua posse duas armas de fogo.<\/p>\n\n\n\n<p>Tanto o rapaz, quanto as armas de fogo, foram apresentados na Central de Flagrantes, em Euclides da Cunha-BA, para a ado\u00e7\u00e3o das medidas cab\u00edveis.<\/p>\n\n\n\n<p><em>Reda\u00e7\u00e3o: Portal Alerta<\/em><\/p>\n","protected":false},"excerpt":{"rendered":"<p>Por volta das 22hs do \u00faltimo s\u00e1bado (11) policiais militares da 4\u00aa CIA\/ Quijingue-BA, foram at\u00e9 a zona rural da cidade (local n\u00e3o informado), para averiguarem uma den\u00fancia de tentativa de homic\u00eddio.<\/p>\n","protected":false},"author":2,"featured_media":43230,"comment_status":"open","ping_status":"open","sticky":false,"template":"","format":"standard","meta":{"om_disable_all_campaigns":false,"_monsterinsights_skip_tracking":false,"_monsterinsights_sitenote_active":false,"_monsterinsights_sitenote_note":"","_monsterinsights_sitenote_category":0,"footnotes":""},"categories":[70,69,43,32,22],"tags":[79,1769,77,109,105],"class_list":["post-43229","post","type-post","status-publish","format-standard","has-post-thumbnail","hentry","category-destaques","category-noticias2","category-quijingue","category-regiao","category-seguranca","tag-policia-militar","tag-posse-de-arma-de-fogo","tag-preso","tag-quijingue","tag-tentativa-de-homicidio"],"aioseo_notices":[],"_links":{"self":[{"href":"https:\/\/www.portalalerta.com.br\/index.php\/wp-json\/wp\/v2\/posts\/43229","targetHints":{"allow":["GET"]}}],"collection":[{"href":"https:\/\/www.portalalerta.com.br\/index.php\/wp-json\/wp\/v2\/posts"}],"about":[{"href":"https:\/\/www.portalalerta.com.br\/index.php\/wp-json\/wp\/v2\/types\/post"}],"author":[{"embeddable":true,"href":"https:\/\/www.portalalerta.com.br\/index.php\/wp-json\/wp\/v2\/users\/2"}],"replies":[{"embeddable":true,"href":"https:\/\/www.portalalerta.com.br\/index.php\/wp-json\/wp\/v2\/comments?post=43229"}],"version-history":[{"count":1,"href":"https:\/\/www.portalalerta.com.br\/index.php\/wp-json\/wp\/v2\/posts\/43229\/revisions"}],"predecessor-version":[{"id":43231,"href":"https:\/\/www.portalalerta.com.br\/index.php\/wp-json\/wp\/v2\/posts\/43229\/revisions\/43231"}],"wp:featuredmedia":[{"embeddable":true,"href":"https:\/\/www.portalalerta.com.br\/index.php\/wp-json\/wp\/v2\/media\/43230"}],"wp:attachment":[{"href":"https:\/\/www.portalalerta.com.br\/index.php\/wp-json\/wp\/v2\/media?parent=43229"}],"wp:term":[{"taxonomy":"category","embeddable":true,"href":"https:\/\/www.portalalerta.com.br\/index.php\/wp-json\/wp\/v2\/categories?post=43229"},{"taxonomy":"post_tag","embeddable":true,"href":"https:\/\/www.portalalerta.com.br\/index.php\/wp-json\/wp\/v2\/tags?post=43229"}],"curies":[{"name":"wp","href":"https:\/\/api.w.org\/{rel}","templated":true}]}}