{"id":43232,"date":"2022-06-13T18:01:00","date_gmt":"2022-06-13T21:01:00","guid":{"rendered":"https:\/\/www.portalalerta.com.br\/?p=43232"},"modified":"2022-06-13T00:51:02","modified_gmt":"2022-06-13T03:51:02","slug":"familia-de-brasileiro-morto-na-ucrania-aguarda-itamaraty-para-retirar-corpo","status":"publish","type":"post","link":"https:\/\/www.portalalerta.com.br\/index.php\/2022\/06\/13\/familia-de-brasileiro-morto-na-ucrania-aguarda-itamaraty-para-retirar-corpo\/","title":{"rendered":"Fam\u00edlia de brasileiro morto na Ucr\u00e2nia aguarda Itamaraty para retirar corpo"},"content":{"rendered":"\n<p>Mesmo ap\u00f3s os relatos de combatentes que informaram ter retirado o corpo do volunt\u00e1rio do campo de batalha, o governo federal levou quatro dias para confirmar oficialmente o \u00f3bito<\/p>\n\n\n\n<!--more-->\n\n\n\n<p>A fam\u00edlia do combatente brasileiro Andr\u00e9 Hack, 43, aliado das tropas ucranianas que morreu h\u00e1 uma semana em combate contra a R\u00fassia, diz que at\u00e9 agora n\u00e3o foi procurada pelo Itamaraty (Minist\u00e9rio das Rela\u00e7\u00f5es Exteriores) para agilizar o transporte dos restos mortais dele para o Brasil.&nbsp;<\/p>\n\n\n\n<p>Mesmo ap\u00f3s os relatos de combatentes que informaram ter retirado o corpo do volunt\u00e1rio do campo de batalha, o governo federal levou quatro dias para confirmar oficialmente o \u00f3bito do primeiro brasileiro morto em combate na guerra da Ucr\u00e2nia.&nbsp;<\/p>\n\n\n\n<p>A missa de s\u00e9timo dia ocorreu neste s\u00e1bado (11) na Par\u00f3quia Nossa Senhora Medianeira, em Porto Alegre, onde Andr\u00e9 nasceu.<\/p>\n\n\n\n<p><em>Fonte: Metro1<\/em><\/p>\n","protected":false},"excerpt":{"rendered":"<p>Mesmo ap\u00f3s os relatos de combatentes que informaram ter retirado o corpo do volunt\u00e1rio do campo de batalha, o governo federal levou quatro dias para confirmar oficialmente o \u00f3bito<\/p>\n","protected":false},"author":2,"featured_media":43234,"comment_status":"open","ping_status":"open","sticky":false,"template":"","format":"standard","meta":{"om_disable_all_campaigns":false,"_monsterinsights_skip_tracking":false,"_monsterinsights_sitenote_active":false,"_monsterinsights_sitenote_note":"","_monsterinsights_sitenote_category":0,"footnotes":""},"categories":[34,70,35,69],"tags":[93,835,169,339,3331],"class_list":["post-43232","post","type-post","status-publish","format-standard","has-post-thumbnail","hentry","category-brasil","category-destaques","category-mundo","category-noticias2","tag-brasil","tag-guerra","tag-morte","tag-mundo","tag-ucrania"],"aioseo_notices":[],"_links":{"self":[{"href":"https:\/\/www.portalalerta.com.br\/index.php\/wp-json\/wp\/v2\/posts\/43232","targetHints":{"allow":["GET"]}}],"collection":[{"href":"https:\/\/www.portalalerta.com.br\/index.php\/wp-json\/wp\/v2\/posts"}],"about":[{"href":"https:\/\/www.portalalerta.com.br\/index.php\/wp-json\/wp\/v2\/types\/post"}],"author":[{"embeddable":true,"href":"https:\/\/www.portalalerta.com.br\/index.php\/wp-json\/wp\/v2\/users\/2"}],"replies":[{"embeddable":true,"href":"https:\/\/www.portalalerta.com.br\/index.php\/wp-json\/wp\/v2\/comments?post=43232"}],"version-history":[{"count":1,"href":"https:\/\/www.portalalerta.com.br\/index.php\/wp-json\/wp\/v2\/posts\/43232\/revisions"}],"predecessor-version":[{"id":43235,"href":"https:\/\/www.portalalerta.com.br\/index.php\/wp-json\/wp\/v2\/posts\/43232\/revisions\/43235"}],"wp:featuredmedia":[{"embeddable":true,"href":"https:\/\/www.portalalerta.com.br\/index.php\/wp-json\/wp\/v2\/media\/43234"}],"wp:attachment":[{"href":"https:\/\/www.portalalerta.com.br\/index.php\/wp-json\/wp\/v2\/media?parent=43232"}],"wp:term":[{"taxonomy":"category","embeddable":true,"href":"https:\/\/www.portalalerta.com.br\/index.php\/wp-json\/wp\/v2\/categories?post=43232"},{"taxonomy":"post_tag","embeddable":true,"href":"https:\/\/www.portalalerta.com.br\/index.php\/wp-json\/wp\/v2\/tags?post=43232"}],"curies":[{"name":"wp","href":"https:\/\/api.w.org\/{rel}","templated":true}]}}