{"id":43238,"date":"2022-06-13T18:03:00","date_gmt":"2022-06-13T21:03:00","guid":{"rendered":"https:\/\/www.portalalerta.com.br\/?p=43238"},"modified":"2022-06-13T01:17:08","modified_gmt":"2022-06-13T04:17:08","slug":"rs-confirma-terceiro-caso-de-variola-dos-macacos-no-brasil","status":"publish","type":"post","link":"https:\/\/www.portalalerta.com.br\/index.php\/2022\/06\/13\/rs-confirma-terceiro-caso-de-variola-dos-macacos-no-brasil\/","title":{"rendered":"RS confirma terceiro caso de var\u00edola dos macacos no Brasil"},"content":{"rendered":"\n<p><strong>Paciente \u00e9 um homem, de 51 anos, de Porto Alegre, que chegou ao pa\u00eds ap\u00f3s viagem a Portugal. Minist\u00e9rio da Sa\u00fade confirmou na noite de domingo (12) a notifica\u00e7\u00e3o do caso pela Secretaria Estadual de Sa\u00fade.<\/strong><\/p>\n\n\n\n<!--more-->\n\n\n\n<p>O Minist\u00e9rio da Sa\u00fade confirmou, na noite deste domingo (12), o\u00a0terceiro caso de var\u00edola dos macacos do Brasil.\u00a0O paciente \u00e9 um homem de 51 que chegou ao pa\u00eds por\u00a0Porto Alegre\u00a0ap\u00f3s viagem a Portugal. O\u00a0caso estava em monitoramento desde o dia 27 de maio, segundo a Secretaria da Sa\u00fade (SES) do Rio Grande do Sul.<\/p>\n\n\n\n<div class=\"wp-block-image\"><figure class=\"alignleft size-full is-resized\"><img fetchpriority=\"high\" decoding=\"async\" src=\"https:\/\/www.portalalerta.com.br\/wp-content\/uploads\/2021\/04\/ELAB.jpg\" alt=\"\" class=\"wp-image-34795\" width=\"431\" height=\"344\" srcset=\"https:\/\/www.portalalerta.com.br\/wp-content\/uploads\/2021\/04\/ELAB.jpg 1000w, https:\/\/www.portalalerta.com.br\/wp-content\/uploads\/2021\/04\/ELAB-300x240.jpg 300w, https:\/\/www.portalalerta.com.br\/wp-content\/uploads\/2021\/04\/ELAB-768x614.jpg 768w, https:\/\/www.portalalerta.com.br\/wp-content\/uploads\/2021\/04\/ELAB-183x146.jpg 183w, https:\/\/www.portalalerta.com.br\/wp-content\/uploads\/2021\/04\/ELAB-50x40.jpg 50w, https:\/\/www.portalalerta.com.br\/wp-content\/uploads\/2021\/04\/ELAB-94x75.jpg 94w\" sizes=\"(max-width: 431px) 100vw, 431px\" \/><\/figure><\/div>\n\n\n\n<p>A SES informou que o resultado foi confirmado laboratorialmente por RT-PCR pelo Instituto Adolf Lutz de S\u00e3o Paulo (IAL\/SP).<\/p>\n\n\n\n<p>O paciente est\u00e1 em isolamento domiciliar, junto com os seus contatos, apresenta quadro cl\u00ednico est\u00e1vel, sem complica\u00e7\u00f5es e est\u00e1 sendo monitorado pela SES e secretaria de sa\u00fade da Capital. O homem \u00e9 morador de Portugal.<\/p>\n\n\n\n<p>A SES informou que o homem procurou atendimento m\u00e9dico nos dias 19 e 23 de maio. Paciente desconhece contato com pessoas em Portugal que sejam confirmadas ou suspeitas para a doen\u00e7a var\u00edola do macaco.<\/p>\n\n\n\n<p>De acordo com o Minist\u00e9rio da Sa\u00fade todas as medidas de conten\u00e7\u00e3o e controle foram adotadas imediatamente ap\u00f3s a comunica\u00e7\u00e3o de que se tratava de um caso suspeito de monkeypox, com o isolamento do paciente e rastreamento dos seus contatos, tanto nacionalmente quanto do voo internacional, que contou com o apoio da Ag\u00eancia Nacional de Vigil\u00e2ncia Sanit\u00e1ria (Anvisa).<\/p>\n\n\n\n<p>O Brasil tem tr\u00eas casos confirmados de var\u00edola dos macacos, sendo\u00a0dois em S\u00e3o Paulo\u00a0e um no Rio Grande do Sul. Est\u00e3o em investiga\u00e7\u00e3o seis casos suspeitos. Todos seguem em isolados e em monitoramento.<\/p>\n\n\n\n<p><strong>Var\u00edola dos macacos<\/strong><\/p>\n\n\n\n<p>Recentemente, casos de infec\u00e7\u00e3o do v\u00edrus t\u00eam sido relatados em Portugal, Espanha, Inglaterra e Estados Unidos. At\u00e9 pouco tempo, todos casos fora da \u00c1frica eram casos importados de viajantes recentes \u00e0 Rep\u00fablica Democr\u00e1tica do Congo ou \u00e0 Nig\u00e9ria. Os casos comunicados em maio de 2022 s\u00e3o os primeiros casos aut\u00f3ctones, cuja via de transmiss\u00e3o ainda n\u00e3o se tem estabelecida ao certo.<\/p>\n\n\n\n<p>O Monkeypox virus, embora seja conhecido por causar a \u201cvar\u00edola do macaco\u201d ou \u201cvar\u00edola s\u00edmia\u201d, \u00e9 um v\u00edrus que infecta roedores na \u00c1frica, e macacos s\u00e3o provavelmente hospedeiros acidentais, assim como o homem. A infec\u00e7\u00e3o possui sintomas bem similares \u00e0 var\u00edola humana, por\u00e9m com baixas taxas de transmiss\u00e3o e de letalidade.<\/p>\n\n\n\n<p><em>Fonte: G1<\/em><\/p>\n","protected":false},"excerpt":{"rendered":"<p>Paciente \u00e9 um homem, de 51 anos, de Porto Alegre, que chegou ao pa\u00eds ap\u00f3s viagem a Portugal. Minist\u00e9rio da Sa\u00fade confirmou na noite de domingo (12) a notifica\u00e7\u00e3o do caso pela Secretaria Estadual de Sa\u00fade.<\/p>\n","protected":false},"author":2,"featured_media":43240,"comment_status":"open","ping_status":"open","sticky":false,"template":"","format":"standard","meta":{"om_disable_all_campaigns":false,"_monsterinsights_skip_tracking":false,"_monsterinsights_sitenote_active":false,"_monsterinsights_sitenote_note":"","_monsterinsights_sitenote_category":0,"footnotes":""},"categories":[34,70,69,19],"tags":[93,854,5419],"class_list":["post-43238","post","type-post","status-publish","format-standard","has-post-thumbnail","hentry","category-brasil","category-destaques","category-noticias2","category-saude","tag-brasil","tag-rio-grande-do-sul","tag-variola-do-macaco"],"aioseo_notices":[],"_links":{"self":[{"href":"https:\/\/www.portalalerta.com.br\/index.php\/wp-json\/wp\/v2\/posts\/43238","targetHints":{"allow":["GET"]}}],"collection":[{"href":"https:\/\/www.portalalerta.com.br\/index.php\/wp-json\/wp\/v2\/posts"}],"about":[{"href":"https:\/\/www.portalalerta.com.br\/index.php\/wp-json\/wp\/v2\/types\/post"}],"author":[{"embeddable":true,"href":"https:\/\/www.portalalerta.com.br\/index.php\/wp-json\/wp\/v2\/users\/2"}],"replies":[{"embeddable":true,"href":"https:\/\/www.portalalerta.com.br\/index.php\/wp-json\/wp\/v2\/comments?post=43238"}],"version-history":[{"count":1,"href":"https:\/\/www.portalalerta.com.br\/index.php\/wp-json\/wp\/v2\/posts\/43238\/revisions"}],"predecessor-version":[{"id":43241,"href":"https:\/\/www.portalalerta.com.br\/index.php\/wp-json\/wp\/v2\/posts\/43238\/revisions\/43241"}],"wp:featuredmedia":[{"embeddable":true,"href":"https:\/\/www.portalalerta.com.br\/index.php\/wp-json\/wp\/v2\/media\/43240"}],"wp:attachment":[{"href":"https:\/\/www.portalalerta.com.br\/index.php\/wp-json\/wp\/v2\/media?parent=43238"}],"wp:term":[{"taxonomy":"category","embeddable":true,"href":"https:\/\/www.portalalerta.com.br\/index.php\/wp-json\/wp\/v2\/categories?post=43238"},{"taxonomy":"post_tag","embeddable":true,"href":"https:\/\/www.portalalerta.com.br\/index.php\/wp-json\/wp\/v2\/tags?post=43238"}],"curies":[{"name":"wp","href":"https:\/\/api.w.org\/{rel}","templated":true}]}}