{"id":43242,"date":"2022-06-14T09:00:00","date_gmt":"2022-06-14T12:00:00","guid":{"rendered":"https:\/\/www.portalalerta.com.br\/?p=43242"},"modified":"2022-06-13T21:39:26","modified_gmt":"2022-06-14T00:39:26","slug":"pandemia-de-covid-19-retirou-r-305-bi-das-familias-brasileiras-aponta-ibge","status":"publish","type":"post","link":"https:\/\/www.portalalerta.com.br\/index.php\/2022\/06\/14\/pandemia-de-covid-19-retirou-r-305-bi-das-familias-brasileiras-aponta-ibge\/","title":{"rendered":"Pandemia de covid-19 retirou R$ 30,5 bi das fam\u00edlias brasileiras, aponta IBGE"},"content":{"rendered":"\n<p>Mesmo com o aux\u00edlio emergencial, a renda das fam\u00edlias foi impactada durante os dois anos de crise sanit\u00e1ria<\/p>\n\n\n\n<!--more-->\n\n\n\n<p>A&nbsp;<strong>pandemia de covid-19<\/strong>&nbsp;custou \u00e0s fam\u00edlias brasileiras R$ 30,560 bilh\u00f5es nos dois anos de pandemia, de acordo com os dados da Pesquisa Nacional por Amostras de Domic\u00edlios Cont\u00ednua (Pnad Cont\u00ednua) 2021 divulgado nesta sexta-feira (10).<\/p>\n\n\n\n<p>Segundo o IBGE (Instituto Brasileiro de Geografia e Estat\u00edstica), a massa de rendimento mensal real domiciliar per capita, ou seja, a soma de toda a remunera\u00e7\u00e3o das fam\u00edlias, totalizou R$ 287,703 bilh\u00f5es no ano passado. O valor \u00e9 R$ 19,150 bilh\u00f5es a menos do que o registrado em 2020, ou seja, queda de 6,2%.<\/p>\n\n\n\n<div class=\"wp-block-image\"><figure class=\"aligncenter size-full\"><img decoding=\"async\" src=\"https:\/\/www.portalalerta.com.br\/wp-content\/uploads\/2022\/06\/Real-Calcados-Sao-Joao-2022.jpg\" alt=\"\" class=\"wp-image-43012\"\/><\/figure><\/div>\n\n\n\n<p>Todas as regi\u00f5es do Brasil recuaram no tocante ao rendimento domiciliar per capita mensal. A maior queda foi vista no Nordeste, onde o tombo foi de 12% na compara\u00e7\u00e3o anual.<\/p>\n\n\n\n<p>Os dados tamb\u00e9m jogam luz \u00e0 desigualdade social no Pa\u00eds: enquanto os 10% com os menores rendimentos s\u00e3o detentores de apenas 0,7% da massa de renda em circula\u00e7\u00e3o na economia, o grupo dos 10% mais ricos concentra 42,7% da massa total de renda.<\/p>\n\n\n\n<p><strong><em>\u201cAl\u00e9m disso, cabe destacar que este \u00faltimo grupo possu\u00eda uma parcela da massa de rendimento maior que a dos 80% da popula\u00e7\u00e3o com os menores rendimentos (41,4%)&#8221;,<\/em><\/strong> ressaltou o IBGE.<\/p>\n\n\n\n<p><strong>Impacto do Aux\u00edlio Emergencial<\/strong><\/p>\n\n\n\n<p>Apesar da&nbsp;<a href=\"https:\/\/www.bpmoney.com.br\/noticias\/economia\/emprego-brasil-cria-197-mil-empregos-formais-abril-aponta-caged\"><strong>melhora no mercado de trabalho<\/strong><\/a>, a redu\u00e7\u00e3o do alcance e do valor do Aux\u00edlio Emergencial impactou negativamente a renda das fam\u00edlias. A categoria que abrange as pessoas recebendo \u201cOutros programas sociais\u201d, que inclui o aux\u00edlio emergencial pago pelo governo aos mais vulner\u00e1veis, caiu de 23,7% em 2020 para 15,4% em 2021. J\u00e1 a porcentagem de domic\u00edlios com benefici\u00e1rios do Bolsa Fam\u00edlia subiu de 7,2% para 8,6% no mesmo per\u00edodo.<\/p>\n\n\n\n<p>O n\u00famero de pessoas sem nenhum tipo de renda cresceu. Isso pode ser observado a partir da redu\u00e7\u00e3o da propor\u00e7\u00e3o de brasileiros com rendimento, que caiu de 61% para 59,8%, o mesmo percentual de 2012 e o mais baixo da s\u00e9rie hist\u00f3rica. Essa redu\u00e7\u00e3o foi observada em todas as regi\u00f5es do Pa\u00eds.<\/p>\n\n\n\n<p>A renda mensal das fontes que possu\u00edam algum tipo de rendimento foi de R$ 2.265 no ano passado, novamente o resultado mais baixo da s\u00e9rie hist\u00f3rica. O valor \u00e9 5,1% mais baixo que o registrado em 2020, que j\u00e1 havia apresentado redu\u00e7\u00e3o de 3,4% em rela\u00e7\u00e3o aos anos anteriores \u00e0<strong>&nbsp;pandemia de covid-19.<\/strong><\/p>\n\n\n\n<p><em>Fonte: Bahia Not\u00edcias<\/em><\/p>\n","protected":false},"excerpt":{"rendered":"<p>Mesmo com o aux\u00edlio emergencial, a renda das fam\u00edlias foi impactada durante os dois anos de crise sanit\u00e1ria<\/p>\n","protected":false},"author":2,"featured_media":22776,"comment_status":"open","ping_status":"open","sticky":false,"template":"","format":"standard","meta":{"om_disable_all_campaigns":false,"_monsterinsights_skip_tracking":false,"_monsterinsights_sitenote_active":false,"_monsterinsights_sitenote_note":"","_monsterinsights_sitenote_category":0,"footnotes":""},"categories":[34,70,69,19],"tags":[93,3429,3486,61],"class_list":["post-43242","post","type-post","status-publish","format-standard","has-post-thumbnail","hentry","category-brasil","category-destaques","category-noticias2","category-saude","tag-brasil","tag-coronavirus","tag-covid-19","tag-saude"],"aioseo_notices":[],"_links":{"self":[{"href":"https:\/\/www.portalalerta.com.br\/index.php\/wp-json\/wp\/v2\/posts\/43242","targetHints":{"allow":["GET"]}}],"collection":[{"href":"https:\/\/www.portalalerta.com.br\/index.php\/wp-json\/wp\/v2\/posts"}],"about":[{"href":"https:\/\/www.portalalerta.com.br\/index.php\/wp-json\/wp\/v2\/types\/post"}],"author":[{"embeddable":true,"href":"https:\/\/www.portalalerta.com.br\/index.php\/wp-json\/wp\/v2\/users\/2"}],"replies":[{"embeddable":true,"href":"https:\/\/www.portalalerta.com.br\/index.php\/wp-json\/wp\/v2\/comments?post=43242"}],"version-history":[{"count":1,"href":"https:\/\/www.portalalerta.com.br\/index.php\/wp-json\/wp\/v2\/posts\/43242\/revisions"}],"predecessor-version":[{"id":43243,"href":"https:\/\/www.portalalerta.com.br\/index.php\/wp-json\/wp\/v2\/posts\/43242\/revisions\/43243"}],"wp:featuredmedia":[{"embeddable":true,"href":"https:\/\/www.portalalerta.com.br\/index.php\/wp-json\/wp\/v2\/media\/22776"}],"wp:attachment":[{"href":"https:\/\/www.portalalerta.com.br\/index.php\/wp-json\/wp\/v2\/media?parent=43242"}],"wp:term":[{"taxonomy":"category","embeddable":true,"href":"https:\/\/www.portalalerta.com.br\/index.php\/wp-json\/wp\/v2\/categories?post=43242"},{"taxonomy":"post_tag","embeddable":true,"href":"https:\/\/www.portalalerta.com.br\/index.php\/wp-json\/wp\/v2\/tags?post=43242"}],"curies":[{"name":"wp","href":"https:\/\/api.w.org\/{rel}","templated":true}]}}