{"id":43256,"date":"2022-06-14T15:50:14","date_gmt":"2022-06-14T18:50:14","guid":{"rendered":"https:\/\/www.portalalerta.com.br\/?p=43256"},"modified":"2022-06-14T15:50:15","modified_gmt":"2022-06-14T18:50:15","slug":"detran-ba-comeca-a-receber-documentos-para-avaliacao-curricular-do-reda","status":"publish","type":"post","link":"https:\/\/www.portalalerta.com.br\/index.php\/2022\/06\/14\/detran-ba-comeca-a-receber-documentos-para-avaliacao-curricular-do-reda\/","title":{"rendered":"Detran-BA come\u00e7a a receber documentos para avalia\u00e7\u00e3o curricular do Reda"},"content":{"rendered":"\n<p>Os documentos podem ser encaminhados via Sedex ou entregues na sede do \u00f3rg\u00e3o.<\/p>\n\n\n\n<!--more-->\n\n\n\n<p>O Detran-BA (Departamento Estadual de Tr\u00e2nsito) refor\u00e7ou em comunicado, na \u00faltima quinta-feira (9), que, conforme o cronograma publicado para recep\u00e7\u00e3o de documentos dos candidatos que concorrem \u00e0 uma das 540 vagas do Processo Seletivo Simplificado-Reda, Edital 001\/2022, o prazo est\u00e1 mantido entre os dias 13 e 20 de junho.&nbsp;<\/p>\n\n\n\n<div class=\"wp-block-image\"><figure class=\"alignleft size-full is-resized\"><img fetchpriority=\"high\" decoding=\"async\" src=\"https:\/\/www.portalalerta.com.br\/wp-content\/uploads\/2021\/04\/ELAB.jpg\" alt=\"\" class=\"wp-image-34795\" width=\"376\" height=\"300\" srcset=\"https:\/\/www.portalalerta.com.br\/wp-content\/uploads\/2021\/04\/ELAB.jpg 1000w, https:\/\/www.portalalerta.com.br\/wp-content\/uploads\/2021\/04\/ELAB-300x240.jpg 300w, https:\/\/www.portalalerta.com.br\/wp-content\/uploads\/2021\/04\/ELAB-768x614.jpg 768w, https:\/\/www.portalalerta.com.br\/wp-content\/uploads\/2021\/04\/ELAB-183x146.jpg 183w, https:\/\/www.portalalerta.com.br\/wp-content\/uploads\/2021\/04\/ELAB-50x40.jpg 50w, https:\/\/www.portalalerta.com.br\/wp-content\/uploads\/2021\/04\/ELAB-94x75.jpg 94w\" sizes=\"(max-width: 376px) 100vw, 376px\" \/><\/figure><\/div>\n\n\n\n<p>O \u00f3rg\u00e3o destaca que o Protocolo Geral estar\u00e1 funcionando tamb\u00e9m nos dias 17\/6 (sexta), das 8 \u00e0s 17 horas (ponto facultativo no estado), e 18\/6 (s\u00e1bado), entre 8 e 13 horas, em car\u00e1ter excepcional, para atender \u00e0s demandas espec\u00edficas do REDA.<\/p>\n\n\n\n<p>No comunicado, o Departamento lembra que os candidatos disp\u00f5em de outra op\u00e7\u00e3o para envio dos documentos, tamb\u00e9m seguindo o mesmo per\u00edodo (entre 13 e 20 de junho), que \u00e9 atrav\u00e9s da postagem via Sedex, endere\u00e7ado da seguinte forma: ao Departamento Estadual de Tr\u00e2nsito-DETRAN \u2013 Ref.: Avalia\u00e7\u00e3o curricular\/Processo Seletivo Simplificado, endere\u00e7o Av. Ant\u00f4nio Carlos Magalh\u00e3es, n\u00ba 7744, Iguatemi \u2013 CEP: 41.100-140 \u2013 BA.<\/p>\n\n\n\n<p>O Protocolo Geral, instalado na sede do Departamento, estar\u00e1 aberto ap\u00f3s o feriado de Corpus Christi, exclusivamente para resolver assuntos ligados ao Reda.<\/p>\n\n\n\n<p><a href=\"https:\/\/detran.ba.gov.br\/upload\/editais\/editais-3276358.pdf\" target=\"_blank\" rel=\"noreferrer noopener\"><strong>Link&nbsp;<\/strong><\/a>para Informativo sobre a entrega de Documentos referentes ao Processo Seletivo Simplificado REDA 001\/2022.<\/p>\n\n\n\n<p><em>Fonte: Acorda Cidade<\/em><\/p>\n","protected":false},"excerpt":{"rendered":"<p>Os documentos podem ser encaminhados via Sedex ou entregues na sede do \u00f3rg\u00e3o.<\/p>\n","protected":false},"author":2,"featured_media":5897,"comment_status":"open","ping_status":"open","sticky":false,"template":"","format":"standard","meta":{"om_disable_all_campaigns":false,"_monsterinsights_skip_tracking":false,"_monsterinsights_sitenote_active":false,"_monsterinsights_sitenote_note":"","_monsterinsights_sitenote_category":0,"footnotes":""},"categories":[33,70,69],"tags":[54,319,511],"class_list":["post-43256","post","type-post","status-publish","format-standard","has-post-thumbnail","hentry","category-bahia","category-destaques","category-noticias2","tag-bahia","tag-detran","tag-processo-seletivo"],"aioseo_notices":[],"_links":{"self":[{"href":"https:\/\/www.portalalerta.com.br\/index.php\/wp-json\/wp\/v2\/posts\/43256","targetHints":{"allow":["GET"]}}],"collection":[{"href":"https:\/\/www.portalalerta.com.br\/index.php\/wp-json\/wp\/v2\/posts"}],"about":[{"href":"https:\/\/www.portalalerta.com.br\/index.php\/wp-json\/wp\/v2\/types\/post"}],"author":[{"embeddable":true,"href":"https:\/\/www.portalalerta.com.br\/index.php\/wp-json\/wp\/v2\/users\/2"}],"replies":[{"embeddable":true,"href":"https:\/\/www.portalalerta.com.br\/index.php\/wp-json\/wp\/v2\/comments?post=43256"}],"version-history":[{"count":1,"href":"https:\/\/www.portalalerta.com.br\/index.php\/wp-json\/wp\/v2\/posts\/43256\/revisions"}],"predecessor-version":[{"id":43257,"href":"https:\/\/www.portalalerta.com.br\/index.php\/wp-json\/wp\/v2\/posts\/43256\/revisions\/43257"}],"wp:featuredmedia":[{"embeddable":true,"href":"https:\/\/www.portalalerta.com.br\/index.php\/wp-json\/wp\/v2\/media\/5897"}],"wp:attachment":[{"href":"https:\/\/www.portalalerta.com.br\/index.php\/wp-json\/wp\/v2\/media?parent=43256"}],"wp:term":[{"taxonomy":"category","embeddable":true,"href":"https:\/\/www.portalalerta.com.br\/index.php\/wp-json\/wp\/v2\/categories?post=43256"},{"taxonomy":"post_tag","embeddable":true,"href":"https:\/\/www.portalalerta.com.br\/index.php\/wp-json\/wp\/v2\/tags?post=43256"}],"curies":[{"name":"wp","href":"https:\/\/api.w.org\/{rel}","templated":true}]}}