{"id":43258,"date":"2022-06-14T15:55:33","date_gmt":"2022-06-14T18:55:33","guid":{"rendered":"https:\/\/www.portalalerta.com.br\/?p=43258"},"modified":"2022-06-14T15:55:34","modified_gmt":"2022-06-14T18:55:34","slug":"homem-morre-e-outro-fica-ferido-apos-serem-baleados-em-araci-ba","status":"publish","type":"post","link":"https:\/\/www.portalalerta.com.br\/index.php\/2022\/06\/14\/homem-morre-e-outro-fica-ferido-apos-serem-baleados-em-araci-ba\/","title":{"rendered":"Homem morre e outro fica ferido ap\u00f3s serem baleados em Araci-BA"},"content":{"rendered":"\n<p>Um homem morreu e outro ficou ferido ap\u00f3s ambos serem baleados no Centro de Araci-BA.<\/p>\n\n\n\n<!--more-->\n\n\n\n<p>De acordo com informa\u00e7\u00f5es da Pol\u00edcia Militar, o caso aconteceu na madrugada desta segunda-feira (13), pr\u00f3ximo a uma ag\u00eancia banc\u00e1ria localizada na Rua Jos\u00e9 Pinheiro, por volta de 1h. Conforme a PM, uma das v\u00edtimas, um homem identificado como Genival Jesus do Nascimento, de 44 anos, n\u00e3o resistiu aos ferimentos e morreu no local. O outro homem, atingido na perna, foi socorrido e levado para a Unidade de Pronto Atendimento (UPA) do munic\u00edpio. O estado de sa\u00fade dele \u00e9 desconhecido.<\/p>\n\n\n\n<div class=\"wp-block-image\"><figure class=\"aligncenter size-full\"><img fetchpriority=\"high\" decoding=\"async\" width=\"720\" height=\"181\" src=\"https:\/\/www.portalalerta.com.br\/wp-content\/uploads\/2018\/02\/Auto-Escola-Nobre.jpg\" alt=\"\" class=\"wp-image-4869\" srcset=\"https:\/\/www.portalalerta.com.br\/wp-content\/uploads\/2018\/02\/Auto-Escola-Nobre.jpg 720w, https:\/\/www.portalalerta.com.br\/wp-content\/uploads\/2018\/02\/Auto-Escola-Nobre-260x65.jpg 260w, https:\/\/www.portalalerta.com.br\/wp-content\/uploads\/2018\/02\/Auto-Escola-Nobre-50x13.jpg 50w, https:\/\/www.portalalerta.com.br\/wp-content\/uploads\/2018\/02\/Auto-Escola-Nobre-150x38.jpg 150w\" sizes=\"(max-width: 720px) 100vw, 720px\" \/><\/figure><\/div>\n\n\n\n<p>A Pol\u00edcia Civil investiga a autoria e motiva\u00e7\u00e3o do crime.<\/p>\n\n\n\n<p><em>Fonte: Not\u00edcias de SantaLuz<\/em><\/p>\n","protected":false},"excerpt":{"rendered":"<p>Um homem morreu e outro ficou ferido ap\u00f3s ambos serem baleados no Centro de Araci-BA.<\/p>\n","protected":false},"author":2,"featured_media":13354,"comment_status":"open","ping_status":"open","sticky":false,"template":"","format":"standard","meta":{"om_disable_all_campaigns":false,"_monsterinsights_skip_tracking":false,"_monsterinsights_sitenote_active":false,"_monsterinsights_sitenote_note":"","_monsterinsights_sitenote_category":0,"footnotes":""},"categories":[41,70,69,32,22],"tags":[48,375,299,206,169,105],"class_list":["post-43258","post","type-post","status-publish","format-standard","has-post-thumbnail","hentry","category-araci","category-destaques","category-noticias2","category-regiao","category-seguranca","tag-araci","tag-disparos-de-arma-de-fogo","tag-ferido","tag-homicidio","tag-morte","tag-tentativa-de-homicidio"],"aioseo_notices":[],"_links":{"self":[{"href":"https:\/\/www.portalalerta.com.br\/index.php\/wp-json\/wp\/v2\/posts\/43258","targetHints":{"allow":["GET"]}}],"collection":[{"href":"https:\/\/www.portalalerta.com.br\/index.php\/wp-json\/wp\/v2\/posts"}],"about":[{"href":"https:\/\/www.portalalerta.com.br\/index.php\/wp-json\/wp\/v2\/types\/post"}],"author":[{"embeddable":true,"href":"https:\/\/www.portalalerta.com.br\/index.php\/wp-json\/wp\/v2\/users\/2"}],"replies":[{"embeddable":true,"href":"https:\/\/www.portalalerta.com.br\/index.php\/wp-json\/wp\/v2\/comments?post=43258"}],"version-history":[{"count":1,"href":"https:\/\/www.portalalerta.com.br\/index.php\/wp-json\/wp\/v2\/posts\/43258\/revisions"}],"predecessor-version":[{"id":43259,"href":"https:\/\/www.portalalerta.com.br\/index.php\/wp-json\/wp\/v2\/posts\/43258\/revisions\/43259"}],"wp:featuredmedia":[{"embeddable":true,"href":"https:\/\/www.portalalerta.com.br\/index.php\/wp-json\/wp\/v2\/media\/13354"}],"wp:attachment":[{"href":"https:\/\/www.portalalerta.com.br\/index.php\/wp-json\/wp\/v2\/media?parent=43258"}],"wp:term":[{"taxonomy":"category","embeddable":true,"href":"https:\/\/www.portalalerta.com.br\/index.php\/wp-json\/wp\/v2\/categories?post=43258"},{"taxonomy":"post_tag","embeddable":true,"href":"https:\/\/www.portalalerta.com.br\/index.php\/wp-json\/wp\/v2\/tags?post=43258"}],"curies":[{"name":"wp","href":"https:\/\/api.w.org\/{rel}","templated":true}]}}