{"id":43260,"date":"2022-06-15T06:30:00","date_gmt":"2022-06-15T09:30:00","guid":{"rendered":"https:\/\/www.portalalerta.com.br\/?p=43260"},"modified":"2022-06-14T23:10:00","modified_gmt":"2022-06-15T02:10:00","slug":"suspeitos-de-armar-emboscada-para-assaltar-micro-onibus-sao-presos-em-sergipe","status":"publish","type":"post","link":"https:\/\/www.portalalerta.com.br\/index.php\/2022\/06\/15\/suspeitos-de-armar-emboscada-para-assaltar-micro-onibus-sao-presos-em-sergipe\/","title":{"rendered":"Suspeitos de armar emboscada para assaltar micro-\u00f4nibus s\u00e3o presos em Sergipe"},"content":{"rendered":"\n<p>Na \u00faltima segunda-feira (13), policiais da 3\u00aa Companhia Independente de Pol\u00edcia Militar\u00a0prenderam dois homens por tentativa de assalto a um \u00f4nibus intermunicipal em Riachuelo.<\/p>\n\n\n\n<!--more-->\n\n\n\n<p>Os militares receberam den\u00fancia sobre o paradeiro de dois homens que tentaram assaltar um \u00f4nibus da empresa Coopertalse, que faz a linha Divina Pastora\/Aracaju. Os suspeitos estariam na casa de um amigo no Povoado Mani\u00e7oba, em Divina Pastora.<\/p>\n\n\n\n<div class=\"wp-block-image\"><figure class=\"aligncenter size-full\"><img decoding=\"async\" src=\"https:\/\/www.portalalerta.com.br\/wp-content\/uploads\/2022\/06\/Real-Calcados-Sao-Joao-2022.jpg\" alt=\"\" class=\"wp-image-43012\"\/><\/figure><\/div>\n\n\n\n<p>Segundo o motorista do \u00f4nibus, assim que percebeu um bloqueio na via, para for\u00e7ar a parada do ve\u00edculo, ele recuou e evitou o assalto, mesmo assim os suspeitos sa\u00edram do matagal em que se escondiam e chegaram a efetuar disparos contra o \u00f4nibus. A equipe se dirigiu imediatamente para o endere\u00e7o informado, e localizaram a resid\u00eancia. O homem que acolheu os fugitivos, informou aos policiais que os suspeitos fugiram quando perceberam a viatura se aproximando da casa. Os militares tomaram o mesmo destino que eles, e conseguiram prender a dupla.<\/p>\n\n\n\n<p>Eles foram conduzidos \u00e0 delegacia e foram reconhecidos como os autores da tentativa do assalto e dos disparos contra o \u00f4nibus.<\/p>\n\n\n\n<figure class=\"wp-block-embed is-type-video is-provider-youtube wp-block-embed-youtube wp-embed-aspect-4-3 wp-has-aspect-ratio\"><div class=\"wp-block-embed__wrapper\">\n<iframe title=\"Micro-\u00f4nibus \u00e9 perseguido por assaltantes durante emboscada em Sergipe\" width=\"500\" height=\"375\" src=\"https:\/\/www.youtube.com\/embed\/oC1oIR9trjE?feature=oembed\" frameborder=\"0\" allow=\"accelerometer; autoplay; clipboard-write; encrypted-media; gyroscope; picture-in-picture; web-share\" referrerpolicy=\"strict-origin-when-cross-origin\" allowfullscreen><\/iframe>\n<\/div><\/figure>\n\n\n\n<p><em>Fonte: Sim\u00e3o Dias Como Eu Vejo<\/em><\/p>\n","protected":false},"excerpt":{"rendered":"<p>Na \u00faltima segunda-feira (13), policiais da 3\u00aa Companhia Independente de Pol\u00edcia Militar\u00a0prenderam dois homens por tentativa de assalto a um \u00f4nibus intermunicipal em Riachuelo.<\/p>\n","protected":false},"author":2,"featured_media":43261,"comment_status":"open","ping_status":"open","sticky":false,"template":"","format":"standard","meta":{"om_disable_all_campaigns":false,"_monsterinsights_skip_tracking":false,"_monsterinsights_sitenote_active":false,"_monsterinsights_sitenote_note":"","_monsterinsights_sitenote_category":0,"footnotes":""},"categories":[34,70,69,22,68],"tags":[564,93,79,110,114,501],"class_list":["post-43260","post","type-post","status-publish","format-standard","has-post-thumbnail","hentry","category-brasil","category-destaques","category-noticias2","category-seguranca","category-videos","tag-assalto-a-onibus","tag-brasil","tag-policia-militar","tag-presos","tag-sergipe","tag-tentativa-de-assalto"],"aioseo_notices":[],"_links":{"self":[{"href":"https:\/\/www.portalalerta.com.br\/index.php\/wp-json\/wp\/v2\/posts\/43260","targetHints":{"allow":["GET"]}}],"collection":[{"href":"https:\/\/www.portalalerta.com.br\/index.php\/wp-json\/wp\/v2\/posts"}],"about":[{"href":"https:\/\/www.portalalerta.com.br\/index.php\/wp-json\/wp\/v2\/types\/post"}],"author":[{"embeddable":true,"href":"https:\/\/www.portalalerta.com.br\/index.php\/wp-json\/wp\/v2\/users\/2"}],"replies":[{"embeddable":true,"href":"https:\/\/www.portalalerta.com.br\/index.php\/wp-json\/wp\/v2\/comments?post=43260"}],"version-history":[{"count":1,"href":"https:\/\/www.portalalerta.com.br\/index.php\/wp-json\/wp\/v2\/posts\/43260\/revisions"}],"predecessor-version":[{"id":43262,"href":"https:\/\/www.portalalerta.com.br\/index.php\/wp-json\/wp\/v2\/posts\/43260\/revisions\/43262"}],"wp:featuredmedia":[{"embeddable":true,"href":"https:\/\/www.portalalerta.com.br\/index.php\/wp-json\/wp\/v2\/media\/43261"}],"wp:attachment":[{"href":"https:\/\/www.portalalerta.com.br\/index.php\/wp-json\/wp\/v2\/media?parent=43260"}],"wp:term":[{"taxonomy":"category","embeddable":true,"href":"https:\/\/www.portalalerta.com.br\/index.php\/wp-json\/wp\/v2\/categories?post=43260"},{"taxonomy":"post_tag","embeddable":true,"href":"https:\/\/www.portalalerta.com.br\/index.php\/wp-json\/wp\/v2\/tags?post=43260"}],"curies":[{"name":"wp","href":"https:\/\/api.w.org\/{rel}","templated":true}]}}